{"id":149497,"date":"2022-06-06T15:52:44","date_gmt":"2022-06-06T19:52:44","guid":{"rendered":"https:\/\/linitiative.ca\/International\/prix-des-manuels-scolaires-le-ministre-de-leducation-nationale-se-prononce\/"},"modified":"2022-06-06T15:52:44","modified_gmt":"2022-06-06T19:52:44","slug":"prix-des-manuels-scolaires-le-ministre-de-leducation-nationale-se-prononce","status":"publish","type":"post","link":"https:\/\/linitiative.ca\/International\/prix-des-manuels-scolaires-le-ministre-de-leducation-nationale-se-prononce\/","title":{"rendered":"Prix des manuels scolaires. Le ministre de l\u2019Education nationale se prononce"},"content":{"rendered":"<div><img decoding=\"async\" width=\"750\" height=\"422\" src=\"https:\/\/linitiative.ca\/International\/wp-content\/uploads\/sites\/23\/2022\/06\/CHAKIB1.jpg\" class=\"attachment-post-thumbnail size-post-thumbnail wp-post-image\" alt=\"\" loading=\"lazy\" srcset=\"https:\/\/linitiative.ca\/International\/wp-content\/uploads\/sites\/23\/2022\/06\/CHAKIB1.jpg 750w, https:\/\/www.challenge.ma\/wp-content\/uploads\/2022\/06\/CHAKIB1-300x169.jpg 300w, https:\/\/www.challenge.ma\/wp-content\/uploads\/2022\/06\/CHAKIB1-360x203.jpg 360w\" sizes=\"auto, (max-width: 750px) 100vw, 750px\" itemprop=\"image\">Le ministre de l\u2019\u00c9ducation nationale, du Pr\u00e9scolaire et des Sports, Chakib Benmoussa, a appel\u00e9 ce lundi 6 juin \u00e0 pr\u00e9server la priorit\u00e9 nationale dans le domaine de l\u2019\u00e9dition des manuels scolaires. Cette derni\u00e8re avait \u00e9t\u00e9 mise en \u0153uvre lors de la pand\u00e9mie de la covid-19 et ce, dans le sillage<\/div>\n<p>Auteur: David J\u00e9r\u00e9mie<br \/>\n<a href=\"https:\/\/www.challenge.ma\/prix-des-manuels-scolaires-le-ministre-de-leducation-nationale-se-prononce-240067\/\">Cliquez ici pour lire l&rsquo;article depuis sa source.<\/a><\/p>\n","protected":false},"excerpt":{"rendered":"<p>Le ministre de l\u2019\u00c9ducation nationale, du Pr\u00e9scolaire et des Sports, Chakib Benmoussa, a appel\u00e9 ce lundi 6 juin \u00e0 pr\u00e9server la priorit\u00e9 nationale dans le domaine de l\u2019\u00e9dition des manuels scolaires. Cette derni\u00e8re avait \u00e9t\u00e9 mise en \u0153uvre lors de la pand\u00e9mie de la covid-19 et ce, dans le sillage Auteur: David J\u00e9r\u00e9mie Cliquez ici [&hellip;]<\/p>\n","protected":false},"author":1787,"featured_media":0,"comment_status":"closed","ping_status":"closed","sticky":false,"template":"","format":"standard","meta":{"fifu_image_url":"https:\/\/www.challenge.ma\/wp-content\/uploads\/2022\/06\/CHAKIB1.jpg","fifu_image_alt":"Prix des manuels scolaires. Le ministre de l\u2019Education nationale se prononce","footnotes":""},"categories":[78,54],"tags":[],"class_list":["post-149497","post","type-post","status-publish","format-standard","hentry","category-economie","category-maroc"],"_links":{"self":[{"href":"https:\/\/linitiative.ca\/International\/wp-json\/wp\/v2\/posts\/149497","targetHints":{"allow":["GET"]}}],"collection":[{"href":"https:\/\/linitiative.ca\/International\/wp-json\/wp\/v2\/posts"}],"about":[{"href":"https:\/\/linitiative.ca\/International\/wp-json\/wp\/v2\/types\/post"}],"author":[{"embeddable":true,"href":"https:\/\/linitiative.ca\/International\/wp-json\/wp\/v2\/users\/1787"}],"replies":[{"embeddable":true,"href":"https:\/\/linitiative.ca\/International\/wp-json\/wp\/v2\/comments?post=149497"}],"version-history":[{"count":0,"href":"https:\/\/linitiative.ca\/International\/wp-json\/wp\/v2\/posts\/149497\/revisions"}],"wp:attachment":[{"href":"https:\/\/linitiative.ca\/International\/wp-json\/wp\/v2\/media?parent=149497"}],"wp:term":[{"taxonomy":"category","embeddable":true,"href":"https:\/\/linitiative.ca\/International\/wp-json\/wp\/v2\/categories?post=149497"},{"taxonomy":"post_tag","embeddable":true,"href":"https:\/\/linitiative.ca\/International\/wp-json\/wp\/v2\/tags?post=149497"}],"curies":[{"name":"wp","href":"https:\/\/api.w.org\/{rel}","templated":true}]}}