{"id":149500,"date":"2022-06-06T12:11:04","date_gmt":"2022-06-06T16:11:04","guid":{"rendered":"https:\/\/linitiative.ca\/International\/cedeao-mahamadou-issoufou-nomme-mediateur-pour-le-burkina\/"},"modified":"2022-06-06T12:11:04","modified_gmt":"2022-06-06T16:11:04","slug":"cedeao-mahamadou-issoufou-nomme-mediateur-pour-le-burkina","status":"publish","type":"post","link":"https:\/\/linitiative.ca\/International\/cedeao-mahamadou-issoufou-nomme-mediateur-pour-le-burkina\/","title":{"rendered":"\u00a0CEDEAO : Mahamadou Issoufou nomm\u00e9 m\u00e9diateur pour le Burkina"},"content":{"rendered":"<div>\n<p>La crise sociopolitique au Burkina Faso, au Mali et en Guin\u00e9e Conakry continue d\u2019alimenter les d\u00e9bats en Afrique de l\u2019Ouest. Pour \u00a0accompagner les transitions dans ces trois pays, dirig\u00e9s par des militaires, les chefs d\u2019Etat des pays membres de la Communaut\u00e9 \u00e9conomique des Etats de l\u2019Afrique de l\u2019Ouest (CEDEAO) \u00a0ont nomm\u00e9, lors du sommet d\u2019Accra au Ghana, l\u2019ancien pr\u00e9sident du Niger, Mahamadou Issoufou, m\u00e9diateur pour le Burkina Faso. Dans un communiqu\u00e9, la CEDAO a fait savoir que le pr\u00e9sident Issoufou a pour mission de \u00a0<em>\u00ab\u00a0faciliter le dialogue entre toutes les parties prenantes\u00a0\u00bb.<\/em><\/p>\n<p><strong>AK<\/strong><\/p>\n<p><strong>(Source\u00a0: africanews)<\/strong><\/p>\n<\/div>\n<p>Auteur: Wamini SIDWAYA<br \/>\n<a href=\"https:\/\/www.sidwaya.info\/blog\/2022\/06\/06\/cedeao-mahamadou-issoufou-nomme-mediateur-pour-le-burkina\/\">Cliquez ici pour lire l&rsquo;article depuis sa source.<\/a><\/p>\n","protected":false},"excerpt":{"rendered":"<p>La crise sociopolitique au Burkina Faso, au Mali et en Guin\u00e9e Conakry continue d\u2019alimenter les d\u00e9bats en Afrique de l\u2019Ouest. Pour \u00a0accompagner les transitions dans ces trois pays, dirig\u00e9s par des militaires, les chefs d\u2019Etat des pays membres de la Communaut\u00e9 \u00e9conomique des Etats de l\u2019Afrique de l\u2019Ouest (CEDEAO) \u00a0ont nomm\u00e9, lors du sommet d\u2019Accra [&hellip;]<\/p>\n","protected":false},"author":1816,"featured_media":0,"comment_status":"closed","ping_status":"closed","sticky":false,"template":"","format":"standard","meta":{"fifu_image_url":"","fifu_image_alt":"","footnotes":""},"categories":[73,81],"tags":[],"class_list":["post-149500","post","type-post","status-publish","format-standard","hentry","category-actualite","category-burkina-faso"],"_links":{"self":[{"href":"https:\/\/linitiative.ca\/International\/wp-json\/wp\/v2\/posts\/149500","targetHints":{"allow":["GET"]}}],"collection":[{"href":"https:\/\/linitiative.ca\/International\/wp-json\/wp\/v2\/posts"}],"about":[{"href":"https:\/\/linitiative.ca\/International\/wp-json\/wp\/v2\/types\/post"}],"author":[{"embeddable":true,"href":"https:\/\/linitiative.ca\/International\/wp-json\/wp\/v2\/users\/1816"}],"replies":[{"embeddable":true,"href":"https:\/\/linitiative.ca\/International\/wp-json\/wp\/v2\/comments?post=149500"}],"version-history":[{"count":0,"href":"https:\/\/linitiative.ca\/International\/wp-json\/wp\/v2\/posts\/149500\/revisions"}],"wp:attachment":[{"href":"https:\/\/linitiative.ca\/International\/wp-json\/wp\/v2\/media?parent=149500"}],"wp:term":[{"taxonomy":"category","embeddable":true,"href":"https:\/\/linitiative.ca\/International\/wp-json\/wp\/v2\/categories?post=149500"},{"taxonomy":"post_tag","embeddable":true,"href":"https:\/\/linitiative.ca\/International\/wp-json\/wp\/v2\/tags?post=149500"}],"curies":[{"name":"wp","href":"https:\/\/api.w.org\/{rel}","templated":true}]}}