{"id":149501,"date":"2022-06-06T12:30:44","date_gmt":"2022-06-06T16:30:44","guid":{"rendered":"https:\/\/linitiative.ca\/International\/bceao-jean-claude-kassi-brou-nouveau-gouverneur\/"},"modified":"2022-06-06T12:30:44","modified_gmt":"2022-06-06T16:30:44","slug":"bceao-jean-claude-kassi-brou-nouveau-gouverneur","status":"publish","type":"post","link":"https:\/\/linitiative.ca\/International\/bceao-jean-claude-kassi-brou-nouveau-gouverneur\/","title":{"rendered":"Bceao\u00a0: Jean-Claude Kassi Brou, nouveau gouverneur"},"content":{"rendered":"<div>\n<p>Le pr\u00e9sident de la Commission de la Communaut\u00e9 \u00e9conomique des \u00c9tats de l\u2019Afrique de l\u2019Ouest (Cedeao), Jean-Claude Kassi Brou, est le nouveau gouverneur de la Banque centrale des \u00c9tats de l\u2019Afrique de l\u2019Ouest (Bceao).<\/p>\n<p>Il remplace son compatriote Ti\u00e9moko Meyliet Kon\u00e9, d\u00e9sormais vice-pr\u00e9sident de la C\u00f4te d\u2019Ivoire. Nomm\u00e9 lors du\u00a0 sommet extraordinaire des Chefs d\u2019Etat et de gouvernement de l\u2019Union \u00e9conomique et mon\u00e9taire ouest-africaine (Uemoa), tenu le samedi 04 juin 2022 \u00e0 Accra (Ghana), il prendra fonction \u00e0 compter du 4 juillet 2022.<\/p>\n<p>Le poste de gouverneur de la Bceao revient toujours \u00e0 la C\u00f4te d\u2019Ivoire qui domine \u00e9conomiquement les autres pays membres de la zone mon\u00e9taire, \u00e0 savoir le B\u00e9nin, le Burkina Faso, la Guin\u00e9e-Bissau, le Mali, le Niger, le S\u00e9n\u00e9gal et le Togo.<\/p>\n<p style=\"text-align: right\"><strong>AK<\/strong><\/p>\n<p style=\"text-align: right\"><strong>(Source\u00a0: APA)<\/strong><\/p>\n<\/div>\n<p>Auteur: Wamini SIDWAYA<br \/>\n<a href=\"https:\/\/www.sidwaya.info\/blog\/2022\/06\/06\/bceao-jean-claude-kassi-brou-nouveau-gouverneur\/\">Cliquez ici pour lire l&rsquo;article depuis sa source.<\/a><\/p>\n","protected":false},"excerpt":{"rendered":"<p>Le pr\u00e9sident de la Commission de la Communaut\u00e9 \u00e9conomique des \u00c9tats de l\u2019Afrique de l\u2019Ouest (Cedeao), Jean-Claude Kassi Brou, est le nouveau gouverneur de la Banque centrale des \u00c9tats de l\u2019Afrique de l\u2019Ouest (Bceao). Il remplace son compatriote Ti\u00e9moko Meyliet Kon\u00e9, d\u00e9sormais vice-pr\u00e9sident de la C\u00f4te d\u2019Ivoire. Nomm\u00e9 lors du\u00a0 sommet extraordinaire des Chefs d\u2019Etat [&hellip;]<\/p>\n","protected":false},"author":1816,"featured_media":0,"comment_status":"closed","ping_status":"closed","sticky":false,"template":"","format":"standard","meta":{"fifu_image_url":"","fifu_image_alt":"","footnotes":""},"categories":[73,81],"tags":[],"class_list":["post-149501","post","type-post","status-publish","format-standard","hentry","category-actualite","category-burkina-faso"],"_links":{"self":[{"href":"https:\/\/linitiative.ca\/International\/wp-json\/wp\/v2\/posts\/149501","targetHints":{"allow":["GET"]}}],"collection":[{"href":"https:\/\/linitiative.ca\/International\/wp-json\/wp\/v2\/posts"}],"about":[{"href":"https:\/\/linitiative.ca\/International\/wp-json\/wp\/v2\/types\/post"}],"author":[{"embeddable":true,"href":"https:\/\/linitiative.ca\/International\/wp-json\/wp\/v2\/users\/1816"}],"replies":[{"embeddable":true,"href":"https:\/\/linitiative.ca\/International\/wp-json\/wp\/v2\/comments?post=149501"}],"version-history":[{"count":0,"href":"https:\/\/linitiative.ca\/International\/wp-json\/wp\/v2\/posts\/149501\/revisions"}],"wp:attachment":[{"href":"https:\/\/linitiative.ca\/International\/wp-json\/wp\/v2\/media?parent=149501"}],"wp:term":[{"taxonomy":"category","embeddable":true,"href":"https:\/\/linitiative.ca\/International\/wp-json\/wp\/v2\/categories?post=149501"},{"taxonomy":"post_tag","embeddable":true,"href":"https:\/\/linitiative.ca\/International\/wp-json\/wp\/v2\/tags?post=149501"}],"curies":[{"name":"wp","href":"https:\/\/api.w.org\/{rel}","templated":true}]}}