{"id":149504,"date":"2022-06-06T14:56:51","date_gmt":"2022-06-06T18:56:51","guid":{"rendered":"https:\/\/linitiative.ca\/International\/federation-des-chambres-des-mines-de-la-cedeao-le-burkinabe-adama-soro-elu-president\/"},"modified":"2022-06-06T14:56:51","modified_gmt":"2022-06-06T18:56:51","slug":"federation-des-chambres-des-mines-de-la-cedeao-le-burkinabe-adama-soro-elu-president","status":"publish","type":"post","link":"https:\/\/linitiative.ca\/International\/federation-des-chambres-des-mines-de-la-cedeao-le-burkinabe-adama-soro-elu-president\/","title":{"rendered":"F\u00e9d\u00e9ration des Chambres des Mines de la CEDEAO : Le Burkinab\u00e8, Adama Soro, \u00e9lu Pr\u00e9sident"},"content":{"rendered":"<div>\n<p><strong>Le Pr\u00e9sident de la Chambre des Mines du Burkina (CMB), Adama SORO, a \u00e9t\u00e9 \u00e9lu Pr\u00e9sident de la F\u00e9d\u00e9ration des Chambres des Mines de la CEDEAO (ECOWAS Federation of Chambers of mines \u2013 EFEDCOM), pour un mandat de deux ans, le jeudi 2 juin 2022, \u00e0 Accra au Ghana, \u00e0 l\u2019issue de l\u2019Assembl\u00e9e G\u00e9n\u00e9rale \u00e9lective de l\u2019organisation.<\/strong><\/p>\n<p>Le secteur minier burkinab\u00e8, et partant le pays des hommes int\u00e8gres, a \u00e9t\u00e9 honor\u00e9 la semaine derni\u00e8re \u00e0 Accra, au Ghana.<\/p>\n<p>A l\u2019issue de l\u2019Assembl\u00e9e G\u00e9n\u00e9rale \u00e9lective de la F\u00e9d\u00e9ration des Chambres des Mines de la CEDEAO (ECOWAS Federation of Chambers of mines \u2013 EFEDCOM), le Pr\u00e9sident de la Chambre des Mines du Burkina, Adama SORO, a \u00e9t\u00e9 \u00e9lu pr\u00e9sident de cette organisation r\u00e9gionale, pour un mandat de deux ans, le jeudi 2 juin 2022, dans la capitale ghan\u00e9enne, en marge du forum minier du Ghana.<\/p>\n<p>Le Burkinab\u00e8, Adama Soro, succ\u00e8de ainsi au Ghan\u00e9en Kwame ADDO Kufor, qui a pass\u00e9 deux mandats (2017 \u00e0 2022) \u00e0 la t\u00eate de EFEDCOM.<\/p>\n<figure id=\"attachment_50414\" aria-describedby=\"caption-attachment-50414\" style=\"width: 696px\" class=\"wp-caption alignnone\"><img loading=\"lazy\" decoding=\"async\" data-attachment-id=\"50414\" data-permalink=\"https:\/\/www.sidwaya.info\/blog\/2022\/06\/06\/federation-des-chambres-des-mines-de-la-cedeao-le-burkinabe-adama-soro-elu-president\/2-778\/\" data-orig-file=\"https:\/\/www.sidwaya.info\/wp-content\/uploads\/2022\/06\/2-1.jpeg\" data-orig-size=\"1080,763\" data-comments-opened=\"1\" data-image-meta='{\"aperture\":\"0\",\"credit\":\"\",\"camera\":\"\",\"caption\":\"\",\"created_timestamp\":\"0\",\"copyright\":\"\",\"focal_length\":\"0\",\"iso\":\"0\",\"shutter_speed\":\"0\",\"title\":\"\",\"orientation\":\"0\"}' data-image-title=\"\" data-image-description=\"\" data-image-caption=\"&lt;p&gt;Le nouveau pr\u00e9sident Adama Soro (milieu) posant avec des pr\u00e9sidents et directeurs ex\u00e9cutifs de chambres de mines d\u2019Afrique de l\u2019Ouest.&lt;\/p&gt;\n\" data-medium-file=\"https:\/\/www.sidwaya.info\/wp-content\/uploads\/2022\/06\/2-1-300x212.jpeg\" data-large-file=\"https:\/\/linitiative.ca\/International\/wp-content\/uploads\/sites\/23\/2022\/06\/2-1-1024x723-1.jpeg\" class=\"size-large wp-image-50414\" src=\"https:\/\/linitiative.ca\/International\/wp-content\/uploads\/sites\/23\/2022\/06\/2-1-1024x723-1.jpeg\" alt=\"\" width=\"696\" height=\"491\" srcset=\"https:\/\/linitiative.ca\/International\/wp-content\/uploads\/sites\/23\/2022\/06\/2-1-1024x723-1.jpeg 1024w, https:\/\/www.sidwaya.info\/wp-content\/uploads\/2022\/06\/2-1-300x212.jpeg 300w, https:\/\/www.sidwaya.info\/wp-content\/uploads\/2022\/06\/2-1-768x543.jpeg 768w, https:\/\/www.sidwaya.info\/wp-content\/uploads\/2022\/06\/2-1-150x106.jpeg 150w, https:\/\/www.sidwaya.info\/wp-content\/uploads\/2022\/06\/2-1-696x492.jpeg 696w, https:\/\/www.sidwaya.info\/wp-content\/uploads\/2022\/06\/2-1-1068x755.jpeg 1068w, https:\/\/www.sidwaya.info\/wp-content\/uploads\/2022\/06\/2-1-594x420.jpeg 594w, https:\/\/www.sidwaya.info\/wp-content\/uploads\/2022\/06\/2-1-100x70.jpeg 100w, https:\/\/www.sidwaya.info\/wp-content\/uploads\/2022\/06\/2-1.jpeg 1080w\" sizes=\"auto, (max-width: 696px) 100vw, 696px\"><figcaption id=\"caption-attachment-50414\" class=\"wp-caption-text\"> <strong>Le nouveau pr\u00e9sident Adama Soro (milieu) posant avec des pr\u00e9sidents et directeurs ex\u00e9cutifs de chambres de mines d\u2019Afrique de l\u2019Ouest. CREDIT PHOTOS : CMB<\/strong><\/figcaption><\/figure>\n<p>SORO, par ailleurs Directeur Pays et Vice-Pr\u00e9sident charg\u00e9 des Affaires publiques du groupe minier Endeavour Mining, s\u2019est r\u00e9joui de l\u2019honneur fait au Burkina Faso, \u00e0 travers sa personne, pour assurer la pr\u00e9sidence de cette organisation r\u00e9gionale.<\/p>\n<blockquote class=\"td_quote_box td_box_right\">\n<p><em><span style=\"color: #0000ff\"><strong>\u00ab\u00a0<\/strong><strong>En ces moments difficiles pour notre pays, qui malgr\u00e9 tout, se montre r\u00e9silient et notamment gr\u00e2ce \u00e0 son secteur minier\u00a0\u00a0 qui traverse une p\u00e9riode de turbulences, c\u2019est la solidarit\u00e9 des chambres des mines de la sous-r\u00e9gion qui est exprim\u00e9e en faveur du Burkina Faso, qui devra \u00e0 travers ce poste faire avancer des questions importantes pour le secteur minier et qui peuvent trouver une r\u00e9ponse appropri\u00e9e dans une approche d\u2019une plus grande concertation et une unit\u00e9 d\u2019action sous r\u00e9gionale \u00bb,<\/strong><\/span><\/em><strong> a-t-il laiss\u00e9 entendre \u00e0 l\u2019issue de son \u00e9lection par ses pairs.<\/strong><\/p>\n<\/blockquote>\n<p>D\u2019ores et d\u00e9j\u00e0, le nouveau pr\u00e9sident de EFEDCOM a d\u00e9clin\u00e9 les principaux chantiers de son mandat. Ils vont porter, entre autres, sur la valorisation des chaines de valeur r\u00e9gionales en mati\u00e8re de contenu local ainsi que la maitrise des cha\u00eenes d\u2019approvisionnement en privil\u00e9giant celles nationales et r\u00e9gionales, l\u2019int\u00e9gration \u00e9conomique des op\u00e9rations mini\u00e8res au tissu \u00e9conomique r\u00e9gional, l\u2019am\u00e9lioration de la comp\u00e9titivit\u00e9 des op\u00e9rations mini\u00e8res \u00e0 travers la mutualisation des facteurs de production. Sans oublier la r\u00e9solution de la question de la cohabitation entre mines industrielles et mines artisanales et de la lutte contre l\u2019ins\u00e9curit\u00e9.<\/p>\n<p>Cr\u00e9\u00e9e en 2017, EFEDCOM regroupe les chambres des mines et les associations mini\u00e8res de l\u2019espace CEDEAO\u00a0et compte \u00e0 ce jour\u00a07 pays membres \u00e0 savoir le Burkina Faso, la C\u00f4te d\u2019Ivoire, le Ghana, la Guin\u00e9e, le Liberia et le Nigeria ainsi que l\u2019Association des femmes du secteur minier.<\/p>\n<p>Elle vise \u00e0 faire du plaidoyer aupr\u00e8s des acteurs priv\u00e9s et publics notamment les gouvernements, les organisations nationales et multilat\u00e9rales pour une harmonisation des l\u00e9gislations mini\u00e8res dans l\u2019espace CEDEAO et \u00e0 promouvoir les bonnes pratiques en mati\u00e8re d\u2019exploitation mini\u00e8re responsable dans une d\u00e9marche de d\u00e9veloppement durable au b\u00e9n\u00e9fice des Etats, des communaut\u00e9s h\u00f4tes et des soci\u00e9t\u00e9s mini\u00e8res.<\/p>\n<p>En attendant des voix plus autoris\u00e9es, Sidwaya traduit ses f\u00e9licitations et ses v\u0153ux de succ\u00e8s \u00e0 son nouveau pr\u00e9sident.<\/p>\n<p style=\"text-align: right\"><strong>Synth\u00e8se de Mahamadi SEBOGO<\/strong><\/p>\n<\/div>\n<p>Auteur: Wamini SIDWAYA<br \/>\n<a href=\"https:\/\/www.sidwaya.info\/blog\/2022\/06\/06\/federation-des-chambres-des-mines-de-la-cedeao-le-burkinabe-adama-soro-elu-president\/\">Cliquez ici pour lire l&rsquo;article depuis sa source.<\/a><\/p>\n","protected":false},"excerpt":{"rendered":"<p>Le Pr\u00e9sident de la Chambre des Mines du Burkina (CMB), Adama SORO, a \u00e9t\u00e9 \u00e9lu Pr\u00e9sident de la F\u00e9d\u00e9ration des Chambres des Mines de la CEDEAO (ECOWAS Federation of Chambers of mines \u2013 EFEDCOM), pour un mandat de deux ans, le jeudi 2 juin 2022, \u00e0 Accra au Ghana, \u00e0 l\u2019issue de l\u2019Assembl\u00e9e G\u00e9n\u00e9rale \u00e9lective [&hellip;]<\/p>\n","protected":false},"author":1816,"featured_media":0,"comment_status":"closed","ping_status":"closed","sticky":false,"template":"","format":"standard","meta":{"fifu_image_url":"https:\/\/www.sidwaya.info\/wp-content\/uploads\/2022\/06\/2-1-1024x723.jpeg","fifu_image_alt":"F\u00e9d\u00e9ration des Chambres des Mines de la CEDEAO : Le Burkinab\u00e8, Adama Soro, \u00e9lu Pr\u00e9sident","footnotes":""},"categories":[73,81],"tags":[],"class_list":["post-149504","post","type-post","status-publish","format-standard","hentry","category-actualite","category-burkina-faso"],"_links":{"self":[{"href":"https:\/\/linitiative.ca\/International\/wp-json\/wp\/v2\/posts\/149504","targetHints":{"allow":["GET"]}}],"collection":[{"href":"https:\/\/linitiative.ca\/International\/wp-json\/wp\/v2\/posts"}],"about":[{"href":"https:\/\/linitiative.ca\/International\/wp-json\/wp\/v2\/types\/post"}],"author":[{"embeddable":true,"href":"https:\/\/linitiative.ca\/International\/wp-json\/wp\/v2\/users\/1816"}],"replies":[{"embeddable":true,"href":"https:\/\/linitiative.ca\/International\/wp-json\/wp\/v2\/comments?post=149504"}],"version-history":[{"count":0,"href":"https:\/\/linitiative.ca\/International\/wp-json\/wp\/v2\/posts\/149504\/revisions"}],"wp:attachment":[{"href":"https:\/\/linitiative.ca\/International\/wp-json\/wp\/v2\/media?parent=149504"}],"wp:term":[{"taxonomy":"category","embeddable":true,"href":"https:\/\/linitiative.ca\/International\/wp-json\/wp\/v2\/categories?post=149504"},{"taxonomy":"post_tag","embeddable":true,"href":"https:\/\/linitiative.ca\/International\/wp-json\/wp\/v2\/tags?post=149504"}],"curies":[{"name":"wp","href":"https:\/\/api.w.org\/{rel}","templated":true}]}}