{"id":149515,"date":"2022-06-06T14:18:03","date_gmt":"2022-06-06T18:18:03","guid":{"rendered":"https:\/\/linitiative.ca\/International\/mali-colere-et-deception-a-bamako-contre-la-cedeao\/"},"modified":"2022-06-06T14:18:03","modified_gmt":"2022-06-06T18:18:03","slug":"mali-colere-et-deception-a-bamako-contre-la-cedeao","status":"publish","type":"post","link":"https:\/\/linitiative.ca\/International\/mali-colere-et-deception-a-bamako-contre-la-cedeao\/","title":{"rendered":"Mali : col\u00e8re et d\u00e9ception \u00e0 Bamako contre la Cedeao"},"content":{"rendered":"<div>\n<p><img decoding=\"async\" width=\"687\" height=\"392\" src=\"https:\/\/linitiative.ca\/International\/wp-content\/uploads\/sites\/23\/2022\/06\/16545394845463.jpg\" class=\"attachment-post-thumbnail size-post-thumbnail wp-post-image\" alt=\"\" loading=\"lazy\" srcset=\"https:\/\/linitiative.ca\/International\/wp-content\/uploads\/sites\/23\/2022\/06\/16545394845463.jpg 687w, https:\/\/www.journalducameroun.com\/wp-content\/uploads\/2022\/06\/16545394845463-300x171.jpg 300w, https:\/\/www.journalducameroun.com\/wp-content\/uploads\/2022\/06\/16545394845463-160x90.jpg 160w, https:\/\/www.journalducameroun.com\/wp-content\/uploads\/2022\/06\/16545394845463-350x200.jpg 350w, https:\/\/www.journalducameroun.com\/wp-content\/uploads\/2022\/06\/16545394845463-600x342.jpg 600w\" sizes=\"auto, (max-width: 687px) 100vw, 687px\"><\/p>\n<p>Col\u00e8re et amertume sont les sentiments les mieux partag\u00e9s \u00e0 Bamako, la capitale malienne, apr\u00e8s le maintien de l&#8217;embargo de la Cedeao.\u00ab C&rsquo;\u00e9tait vraiment le sommet de l&rsquo;espoir. Ce fut vraiment une surprise g\u00e9n\u00e9rale \u00bb, lance un confr\u00e8re malien, d\u00e9\u00e7u de la tournure des \u00e9v\u00e8nements. Beaucoup de Maliens se disent d\u00e9\u00e7us de l&rsquo;issue du sommet de la Cedeao du 4 juin dernier, alors qu&rsquo;ils attendaient une lev\u00e9e des sanctions.<\/p>\n<p>A Bamako, le maintien de l&#8217;embargo et le report du sommet au 3 juillet prochain, sonnent comme un coup de semonce. \u00ab On sait que le pr\u00e9sident s\u00e9n\u00e9galais (Macky Sall) a mis tout son poids pour que les sanctions soient lev\u00e9es, mais on apprend aussi que Nana Akufo-Addo du Ghana, Muhammadu Buhari du Nigeria et Mohamed Bazoum du Niger se sont oppos\u00e9s \u00e0 la lev\u00e9e de l&#8217;embargo. Les Maliens sont \u00e9videmment tr\u00e8s d\u00e9\u00e7us de la tournure du sommet, parce que la situation se tend chaque\u00a0jour\u00bb, ajoute notre confr\u00e8re.<\/p>\n<p>Dans le Grand march\u00e9 de Bamako, l&#8217;embargo de la Cedeao commence \u00e0 se faire ressentir au niveau des commerces. \u00ab Ici, les gens font semblant, mais la situation est devenue intenable. Le kilogramme de sucre est pass\u00e9 de 450 francs \u00e0 600 francs, le kilogramme de lait est pass\u00e9 de 2300 \u00e0 2800 francs, le riz est pass\u00e9 de 450 \u00e0 650 francs, pour ne citer que ces exemples \u00bb \u00a0indique Moustapha, un S\u00e9n\u00e9galais, qui vit \u00e0 Bamako, depuis plus de 30 ans.<\/p>\n<p>Depuis l&rsquo;entr\u00e9e en vigueur des sanctions le 9 janvier dernier, le Mali navigue entre inflation et p\u00e9nurie. \u00ab Il faut reconna\u00eetre que les Maliens ont une capacit\u00e9 de r\u00e9silience incroyable motiv\u00e9e en cela par le sens patriotique mis en avant par les militaires \u00bb\u00a0souligne un conf\u00e8re.\u00a0Mais,\u00a0\u00ab il faut se demander jusqu&rsquo;\u00e0 quand, ils vont pouvoir tenir, parce que la situation est devenue difficile pour tout le monde. Il y a des hausses et des p\u00e9nuries depuis quelques semaines dans le pays\u00a0\u00bb, ajoute-t-il.\u00a0<\/p>\n<p>Une \u00ab col\u00e8re grandissante\u00a0\u00bb commence m\u00eame \u00e0 gagner Bamako et certaines villes du pays pour d\u00e9noncer la vie ch\u00e8re. Une marche est m\u00eame pr\u00e9vue vendredi prochain dans le pays pour fustiger la \u00ab hausse des prix\u00a0\u00bb, selon une source locale.<\/p>\n<p>Plusieurs secteurs sont paralys\u00e9s et le pays marche au ralenti. Les banques, l&rsquo;agriculture, l&rsquo;\u00e9levage et les commerces sont les secteurs les plus impact\u00e9s par les sanctions. \u00ab Les banques sont asphyxi\u00e9es par les sanctions de l&rsquo;Uemoa (Union \u00e9conomique et mon\u00e9taire ouest-africaine). Les transactions ne peuvent plus se faire correctement, et dans un pays, quand le syst\u00e8me financier est d\u00e9r\u00e9gul\u00e9, tout est paralys\u00e9 \u00bb, reconna\u00eet, ce cadre, charg\u00e9 de communication d&rsquo;une grande banque install\u00e9e \u00e0 Bamako.<\/p>\n<p>Les fonctionnaires pay\u00e9s en liquide<\/p>\n<p>Le paiement des salaires par virement bancaire est pour le moment \u00ab impossible \u00bb selon un fonctionnaire qui s&rsquo;est confi\u00e9 \u00e0 APA. Le pays vit de \u00ab\u00a0la mobilisation interne des ressources \u00bb, selon Moussa (nom d&#8217;emprunt) fonctionnaire malien. \u00ab Tous les agents de l&rsquo;Etat sont pay\u00e9s en liquide par le bureau de comptabilit\u00e9 de leur service respectif \u00e0 la fin du mois\u00a0\u00bb, indique-t-il.<\/p>\n<p>\u00ab \u00c9videmment, la cons\u00e9quence est que les banques qui avaient pr\u00eat\u00e9 de l&rsquo;argent \u00e0 des fonctionnaires sont p\u00e9nalis\u00e9es parce qu&rsquo;elles ne peuvent plus op\u00e9rer des retenues \u00e0 la source. Les sanctions financi\u00e8res de l&rsquo;Uemoa ont s\u00e9rieusement touch\u00e9 le syst\u00e8me bancaire. Aujourd&rsquo;hui le monde est interconnect\u00e9\u00a0\u00bb, indique ce fonctionnaire.<\/p>\n<p>La tension monte \u00e0 Bamako et les prix s&rsquo;envolent. A un mois de la f\u00eate musulmane du sacrifice (l&rsquo;A\u00efd el-K\u00e9bir), les prix des ovins se sont envol\u00e9s \u00e0 cause de l&#8217;embargo et surtout de l&rsquo;ins\u00e9curit\u00e9 dans la r\u00e9gion du Sahel. \u00ab Le prix des moutons a doubl\u00e9 au Mali en un an. Tout est devenu subitement cher \u00e0 cause de la guerre et de l&#8217;embargo\u00a0\u00bb, explique Moustapha, qui op\u00e8re au Grand march\u00e9 de Bamako.<\/p>\n<p>Le commerce du mouton est en p\u00e9ril au Mali surtout si les fronti\u00e8res restent ferm\u00e9es au-del\u00e0 du sommet du 3 juillet. \u00ab Beaucoup d&rsquo;\u00e9leveurs maliens sont inquiets. Le Mali ravitaille beaucoup de pays de la sous-r\u00e9gion durant la f\u00eate de Tabaski. Actuellement, si les sanctions ne sont pas lev\u00e9es, les moutons maliens ne sortiront pas. Il n&rsquo;y aura pas de d\u00e9rogation. Pour le secteur de l&rsquo;\u00e9levage, ce serait un coup terrible, puisque c&rsquo;est plusieurs milliards chaque ann\u00e9e\u00a0\u00bb indique un interlocuteur.<\/p>\n<p>Face \u00e0 \u00ab l&rsquo;orgueil\u00a0\u00bb de la communaut\u00e9 internationale et \u00ab l&rsquo;arrogance\u00a0\u00bb des militaires, le peuple malien est en train de \u00ab mourir\u00a0\u00bb, selon l&rsquo;Imam Mahmoud Dicko, personnalit\u00e9 incontournable du paysage politique malien. Le charismatique pr\u00eacheur, appelle les autorit\u00e9s de la transition et les chefs d&rsquo;Etat ouest-africains \u00e0 trouver un terrain d&rsquo;entente pour mettre fin \u00e0 l&#8217;embargo.<\/p>\n<p>Dans ce contexte de crise, le prochain sommet du 3 juillet s&rsquo;annonce crucial pour le Mali et la Cedeao, dont certains des chefs d&rsquo;Etat adoptent des positions divergentes sur le dossier malien.\u00a0<\/p>\n<p>Pour tenter de rapprocher les positions, le pr\u00e9sident en exercice de la Cedeao, Nana Akufo Addo, le pr\u00e9sident s\u00e9n\u00e9galais Macky Sall et le m\u00e9diateur de la Cedeao dans le dossier malien, Goodluck Jonathan, sont attendus \u00e0 Bamako dans les prochains jours. Cette visite a pour mission de rechercher un consensus sur la dur\u00e9e de la transition, pomme de discorde, entre la junte au pouvoir et les chefs d&rsquo;Etat ouest-africains.<\/p>\n<p>\u00a0<\/p>\n<p>\u00a0<\/p>\n<p>Cet article <a rel=\"nofollow\" href=\"https:\/\/www.journalducameroun.com\/mali-colere-et-deception-a-bamako-contre-la-cedeao\/\">Mali : col\u00e8re et d\u00e9ception \u00e0 Bamako contre la Cedeao<\/a> est apparu en premier sur <a rel=\"nofollow\" href=\"https:\/\/www.journalducameroun.com\/\">Journal du Cameroun<\/a>.<\/p>\n<\/div>\n<p>Auteur: APA News<br \/>\n<a href=\"https:\/\/www.journalducameroun.com\/mali-colere-et-deception-a-bamako-contre-la-cedeao\/\">Cliquez ici pour lire l&rsquo;article depuis sa source.<\/a><\/p>\n","protected":false},"excerpt":{"rendered":"<p>Col\u00e8re et amertume sont les sentiments les mieux partag\u00e9s \u00e0 Bamako, la capitale malienne, apr\u00e8s le maintien de l&#8217;embargo de la Cedeao.\u00ab C&rsquo;\u00e9tait vraiment le sommet de l&rsquo;espoir. Ce fut vraiment une surprise g\u00e9n\u00e9rale \u00bb, lance un confr\u00e8re malien, d\u00e9\u00e7u de la tournure des \u00e9v\u00e8nements. Beaucoup de Maliens se disent d\u00e9\u00e7us de l&rsquo;issue du sommet [&hellip;]<\/p>\n","protected":false},"author":1965,"featured_media":0,"comment_status":"closed","ping_status":"closed","sticky":false,"template":"","format":"standard","meta":{"fifu_image_url":"https:\/\/www.journalducameroun.com\/wp-content\/uploads\/2022\/06\/16545394845463.jpg","fifu_image_alt":"Mali : col\u00e8re et d\u00e9ception \u00e0 Bamako contre la Cedeao","footnotes":""},"categories":[73,82],"tags":[],"class_list":["post-149515","post","type-post","status-publish","format-standard","hentry","category-actualite","category-cameroun"],"_links":{"self":[{"href":"https:\/\/linitiative.ca\/International\/wp-json\/wp\/v2\/posts\/149515","targetHints":{"allow":["GET"]}}],"collection":[{"href":"https:\/\/linitiative.ca\/International\/wp-json\/wp\/v2\/posts"}],"about":[{"href":"https:\/\/linitiative.ca\/International\/wp-json\/wp\/v2\/types\/post"}],"author":[{"embeddable":true,"href":"https:\/\/linitiative.ca\/International\/wp-json\/wp\/v2\/users\/1965"}],"replies":[{"embeddable":true,"href":"https:\/\/linitiative.ca\/International\/wp-json\/wp\/v2\/comments?post=149515"}],"version-history":[{"count":0,"href":"https:\/\/linitiative.ca\/International\/wp-json\/wp\/v2\/posts\/149515\/revisions"}],"wp:attachment":[{"href":"https:\/\/linitiative.ca\/International\/wp-json\/wp\/v2\/media?parent=149515"}],"wp:term":[{"taxonomy":"category","embeddable":true,"href":"https:\/\/linitiative.ca\/International\/wp-json\/wp\/v2\/categories?post=149515"},{"taxonomy":"post_tag","embeddable":true,"href":"https:\/\/linitiative.ca\/International\/wp-json\/wp\/v2\/tags?post=149515"}],"curies":[{"name":"wp","href":"https:\/\/api.w.org\/{rel}","templated":true}]}}