{"id":149522,"date":"2022-06-07T09:00:27","date_gmt":"2022-06-07T13:00:27","guid":{"rendered":"https:\/\/linitiative.ca\/International\/levenement-les-imperiales-de-retour\/"},"modified":"2022-06-07T09:00:27","modified_gmt":"2022-06-07T13:00:27","slug":"levenement-les-imperiales-de-retour","status":"publish","type":"post","link":"https:\/\/linitiative.ca\/International\/levenement-les-imperiales-de-retour\/","title":{"rendered":"L\u2019\u00e9v\u00e9nement \u00abLes Imp\u00e9riales\u00bb de retour"},"content":{"rendered":"<div>\n<p><img decoding=\"async\" width=\"300\" height=\"153\" src=\"https:\/\/linitiative.ca\/International\/wp-content\/uploads\/sites\/23\/2022\/06\/Les-ImpeCC81riales-Anouar-Sabri-300x153-1.jpg\" class=\"attachment-medium size-medium wp-post-image\" alt=\"\" loading=\"lazy\" srcset=\"https:\/\/linitiative.ca\/International\/wp-content\/uploads\/sites\/23\/2022\/06\/Les-ImpeCC81riales-Anouar-Sabri-300x153-1.jpg 300w, https:\/\/aujourdhui.ma\/wp-content\/uploads\/2022\/06\/Les-Impe\u0301riales-Anouar-Sabri-274x140.jpg 274w, https:\/\/aujourdhui.ma\/wp-content\/uploads\/2022\/06\/Les-Impe\u0301riales-Anouar-Sabri.jpg 746w, https:\/\/aujourdhui.ma\/wp-content\/uploads\/2022\/06\/Les-Impe\u0301riales-Anouar-Sabri-165x84.jpg 165w, https:\/\/aujourdhui.ma\/wp-content\/uploads\/2022\/06\/Les-Impe\u0301riales-Anouar-Sabri-702x358.jpg 702w\" sizes=\"auto, (max-width: 300px) 100vw, 300px\"><\/p>\n<p><span style=\"font-size: 20px; color: #800000;\"><strong>La 5\u00e8me \u00e9dition est pr\u00e9vue du 19 au 25 septembre 2022<\/strong><\/span><span id=\"more-409955\"><\/span><\/p>\n<p><span style=\"color: #ff0000;\">Elle a \u00e9t\u00e9 plac\u00e9e sous la th\u00e9matique Morocco tomorrow : Brands \u2022 Culture \u2022 Talents \u2022Tech. Et le rendez-vous des professionnels du marketing, de la communication, des m\u00e9dias et du digital de cette ann\u00e9e est fix\u00e9. Pendant une semaine du 19 au 25 septembre 2022, la rencontre aura lieu au Carr\u00e9 d\u2019Or \u00e0 Casablanca. Les d\u00e9tails d\u2019un \u00e9v\u00e9nement qui met en lumi\u00e8re les nombreux d\u00e9fis \u00e0 relever dans un secteur en pleine mutation.<\/span><\/p>\n<p>\u00abLe r\u00f4le du secteur du Marketing et de la Communication est ind\u00e9niable dans la contribution \u00e0 la promotion de la comp\u00e9titivit\u00e9 nationale et la promotion de la\u00a0marque Maroc. La th\u00e9matique de cette 5\u00e8me \u00e9dition, que nous avons intitul\u00e9e \u00abMorocco Tomorrow\u00a0: Brands \u2022 Culture \u2022 Talents \u2022 Tech\u00bb se d\u00e9clinera sous diff\u00e9rents axes, en cr\u00e9ant le lien avec le secteur, en connectant le march\u00e9 sur les grandes tendances du marketing, du digital et des nouvelles technologies, en r\u00e9habilitant la dimension culturelle de la production publicitaire, en valorisant ses m\u00e9tiers et ses talents, et en \u00e9tant dans la prospective, notamment par la mise en avant de la nouvelle vague du Web 3.0 et du m\u00e9tavers\u00bb. Le d\u00e9cor est plant\u00e9 par Anouar Sabri, pr\u00e9sident de l\u2019Association Les Imp\u00e9riales.<\/p>\n<p>La pr\u00e9sentation du programme, du conseil scientifique, des enjeux dans le secteur promet une nouvelle \u00e9dition riche en \u00e9changes et en \u00e9mulation\u2026 La th\u00e9matique retenue est plus que d\u2019actualit\u00e9 et s\u2019inscrit dans l\u2019\u00e9tat d\u2019esprit du nouveau mod\u00e8le de d\u00e9veloppement national,\u00a0\u00e0 savoir valoriser les comp\u00e9tences, les talents et les savoir-faire nationaux. C\u2019est un fait. La \u00abnation branding\u00bb a \u00e9t\u00e9 plac\u00e9e au c\u0153ur des strat\u00e9gies nationales de relance \u00e9conomique tant sur le march\u00e9 local qu\u2019international. Pour ce qui est de la programmation, cette \u00e9dition a retenu certaines innovations, avec diff\u00e9rents formats originaux\u00a0: plateau TV, quick talk, keynotes, panels et ateliers qui traiteront de cette th\u00e9matique. La c\u00e9r\u00e9monie d\u2019ouverture\u00a0sera mise sous le signe de Morocco Tomorrow. Il est aussi pr\u00e9vu de pr\u00e9senter les r\u00e9sultats de l\u2019\u00e9tude sur \u00ables Marocains et le made in Morocco\u00bb. La remise des troph\u00e9es Love Brand et\u00a0The good pitch\u00a0sera effectu\u00e9e lors de la soir\u00e9e Love Brand. Et celle des troph\u00e9es \u00abLes Etoiles\u00bb lors de la soir\u00e9e de gala. \u00abLes c\u00e9l\u00e9brit\u00e9s, les marques, les agences et les campagnes qui se sont d\u00e9marqu\u00e9es durant l\u2019ann\u00e9e 2020-2021 seront prim\u00e9es lors de la soir\u00e9e de gala \u00abLes \u00c9toiles\u00bb, apog\u00e9e de cette \u00e9dition riche et enrichissante\u00bb, expliquent les organisateurs.<\/p>\n<p>Et la participation aux prix \u00abLes \u00c9toiles\u00bb est d\u00e9sormais ouverte aux marques, agences, \u00e9quipes marketing internes, concepteurs, bureaux de conseil, agences de relations publiques, associations caritatives et \u00e0 toutes les autres organisations qui ont fourni un marketing exceptionnel, les deux derni\u00e8res ann\u00e9es.<br \/>\nDurant la semaine de l\u2019\u00e9v\u00e9nement, par ailleurs, le \u00abMus\u00e9e de la Publicit\u00e9 et des M\u00e9dias\u00bb reprendra ses quartiers \u00e0 Casablanca pour dresser un panorama des objets publicitaires qui ont fond\u00e9 l\u2019histoire de cet art sociologique au Maroc. Une mani\u00e8re de retracer subtilement l\u2019\u00e9volution de la culture publicitaire et m\u00e9diatique nationale\u2026<\/p>\n<p>Enfin, pour immortaliser le v\u00e9cu, l\u2019Association Les Imp\u00e9riales retranscrit l\u2019int\u00e9gralit\u00e9 du contenu scientifique d\u00e9velopp\u00e9 tout au long de l\u2019\u00e9v\u00e9nement dans son ouvrage L\u2019Essentiel et ce, pour chaque \u00e9dition.<br \/>\nPour rappel, c\u2019est \u00e0 l\u2019initiative de l\u2019Association Les Imp\u00e9riales, cr\u00e9\u00e9e en 2018, que l\u2019\u00e9v\u00e9nement \u00e9ponyme est devenu, au fil des \u00e9ditions, l\u2019une des rencontres sectorielles nationales phares de l\u2019ann\u00e9e. Les enjeux sont clairs quand on sait que le secteur repr\u00e9sent\u00e9 par plus de 8.500 PME et pesant 12 milliards DH\/an en termes de chiffre d\u2019affaires est un des maillons forts de l\u2019\u00e9conomie nationale. Les souscriptions sont d\u00e9sormais ouvertes\u00a0pour valoriser l\u2019innovation et la cr\u00e9ativit\u00e9.<br \/>\nEt le compte \u00e0 rebours a commenc\u00e9\u00a0!<\/p>\n<\/div>\n<p>Auteur: Dounia Essabban<br \/>\n<a href=\"https:\/\/aujourdhui.ma\/economie\/levenement-les-imperiales-de-retour\">Cliquez ici pour lire l&rsquo;article depuis sa source.<\/a><\/p>\n","protected":false},"excerpt":{"rendered":"<p>La 5\u00e8me \u00e9dition est pr\u00e9vue du 19 au 25 septembre 2022 Elle a \u00e9t\u00e9 plac\u00e9e sous la th\u00e9matique Morocco tomorrow : Brands \u2022 Culture \u2022 Talents \u2022Tech. Et le rendez-vous des professionnels du marketing, de la communication, des m\u00e9dias et du digital de cette ann\u00e9e est fix\u00e9. Pendant une semaine du 19 au 25 septembre [&hellip;]<\/p>\n","protected":false},"author":1759,"featured_media":0,"comment_status":"closed","ping_status":"closed","sticky":false,"template":"","format":"standard","meta":{"fifu_image_url":"https:\/\/aujourdhui.ma\/wp-content\/uploads\/2022\/06\/Les-Impe\u0301riales-Anouar-Sabri-300x153.jpg","fifu_image_alt":"L\u2019\u00e9v\u00e9nement \u00abLes Imp\u00e9riales\u00bb de retour","footnotes":""},"categories":[73,54],"tags":[],"class_list":["post-149522","post","type-post","status-publish","format-standard","hentry","category-actualite","category-maroc"],"_links":{"self":[{"href":"https:\/\/linitiative.ca\/International\/wp-json\/wp\/v2\/posts\/149522","targetHints":{"allow":["GET"]}}],"collection":[{"href":"https:\/\/linitiative.ca\/International\/wp-json\/wp\/v2\/posts"}],"about":[{"href":"https:\/\/linitiative.ca\/International\/wp-json\/wp\/v2\/types\/post"}],"author":[{"embeddable":true,"href":"https:\/\/linitiative.ca\/International\/wp-json\/wp\/v2\/users\/1759"}],"replies":[{"embeddable":true,"href":"https:\/\/linitiative.ca\/International\/wp-json\/wp\/v2\/comments?post=149522"}],"version-history":[{"count":0,"href":"https:\/\/linitiative.ca\/International\/wp-json\/wp\/v2\/posts\/149522\/revisions"}],"wp:attachment":[{"href":"https:\/\/linitiative.ca\/International\/wp-json\/wp\/v2\/media?parent=149522"}],"wp:term":[{"taxonomy":"category","embeddable":true,"href":"https:\/\/linitiative.ca\/International\/wp-json\/wp\/v2\/categories?post=149522"},{"taxonomy":"post_tag","embeddable":true,"href":"https:\/\/linitiative.ca\/International\/wp-json\/wp\/v2\/tags?post=149522"}],"curies":[{"name":"wp","href":"https:\/\/api.w.org\/{rel}","templated":true}]}}