{"id":149554,"date":"2022-06-07T09:11:56","date_gmt":"2022-06-07T13:11:56","guid":{"rendered":"https:\/\/linitiative.ca\/International\/covid-19-la-circulation-du-virus-au-niveau-orange-moyen\/"},"modified":"2022-06-07T09:11:56","modified_gmt":"2022-06-07T13:11:56","slug":"covid-19-la-circulation-du-virus-au-niveau-orange-moyen","status":"publish","type":"post","link":"https:\/\/linitiative.ca\/International\/covid-19-la-circulation-du-virus-au-niveau-orange-moyen\/","title":{"rendered":"Covid-19: la circulation du virus au niveau \u00ab\u00a0orange moyen\u00a0\u00bb"},"content":{"rendered":"<div>\n<div class=\"field field-name-body field-type-text-with-summary field-label-hidden\">\n<div class=\"field-items\">\n<div class=\"field-item even\" property=\"content:encoded\">\n<p class=\"rtejustify\">La situation \u00e9pid\u00e9miologique se caract\u00e9rise par un passage de la circulation communautaire du Covid-19 du niveau de vigilance \u00ab\u00a0vert faible\u00a0\u00bb \u00e0 \u00ab\u00a0orange moyen\u00a0\u00bb, particuli\u00e8rement dans les grandes villes, a indiqu\u00e9 mardi \u00e0 Rabat le coordonnateur du Centre national des op\u00e9rations d&rsquo;urgence de sant\u00e9 publique au minist\u00e8re de la Sant\u00e9 et de la protection sociale, Mouad Mrabet.<\/p>\n<\/div>\n<\/div>\n<\/div>\n<\/div>\n<p>Auteur: mbasraoui<br \/>\n<a href=\"https:\/\/www.leconomiste.com\/flash-infos\/covid-19-la-circulation-du-virus-au-niveau-orange-moyen\">Cliquez ici pour lire l&rsquo;article depuis sa source.<\/a><\/p>\n","protected":false},"excerpt":{"rendered":"<p>La situation \u00e9pid\u00e9miologique se caract\u00e9rise par un passage de la circulation communautaire du Covid-19 du niveau de vigilance \u00ab\u00a0vert faible\u00a0\u00bb \u00e0 \u00ab\u00a0orange moyen\u00a0\u00bb, particuli\u00e8rement dans les grandes villes, a indiqu\u00e9 mardi \u00e0 Rabat le coordonnateur du Centre national des op\u00e9rations d&rsquo;urgence de sant\u00e9 publique au minist\u00e8re de la Sant\u00e9 et de la protection sociale, Mouad [&hellip;]<\/p>\n","protected":false},"author":1763,"featured_media":0,"comment_status":"closed","ping_status":"closed","sticky":false,"template":"","format":"standard","meta":{"fifu_image_url":"","fifu_image_alt":"","footnotes":""},"categories":[78,54],"tags":[],"class_list":["post-149554","post","type-post","status-publish","format-standard","hentry","category-economie","category-maroc"],"_links":{"self":[{"href":"https:\/\/linitiative.ca\/International\/wp-json\/wp\/v2\/posts\/149554","targetHints":{"allow":["GET"]}}],"collection":[{"href":"https:\/\/linitiative.ca\/International\/wp-json\/wp\/v2\/posts"}],"about":[{"href":"https:\/\/linitiative.ca\/International\/wp-json\/wp\/v2\/types\/post"}],"author":[{"embeddable":true,"href":"https:\/\/linitiative.ca\/International\/wp-json\/wp\/v2\/users\/1763"}],"replies":[{"embeddable":true,"href":"https:\/\/linitiative.ca\/International\/wp-json\/wp\/v2\/comments?post=149554"}],"version-history":[{"count":0,"href":"https:\/\/linitiative.ca\/International\/wp-json\/wp\/v2\/posts\/149554\/revisions"}],"wp:attachment":[{"href":"https:\/\/linitiative.ca\/International\/wp-json\/wp\/v2\/media?parent=149554"}],"wp:term":[{"taxonomy":"category","embeddable":true,"href":"https:\/\/linitiative.ca\/International\/wp-json\/wp\/v2\/categories?post=149554"},{"taxonomy":"post_tag","embeddable":true,"href":"https:\/\/linitiative.ca\/International\/wp-json\/wp\/v2\/tags?post=149554"}],"curies":[{"name":"wp","href":"https:\/\/api.w.org\/{rel}","templated":true}]}}