{"id":149555,"date":"2022-06-07T09:13:59","date_gmt":"2022-06-07T13:13:59","guid":{"rendered":"https:\/\/linitiative.ca\/International\/habitat-la-dgct-et-al-omrane-sassocient\/"},"modified":"2022-06-07T09:13:59","modified_gmt":"2022-06-07T13:13:59","slug":"habitat-la-dgct-et-al-omrane-sassocient","status":"publish","type":"post","link":"https:\/\/linitiative.ca\/International\/habitat-la-dgct-et-al-omrane-sassocient\/","title":{"rendered":"Habitat: La DGCT et Al Omrane s\u2019associent"},"content":{"rendered":"<div>\n<div class=\"field field-name-body field-type-text-with-summary field-label-hidden\">\n<div class=\"field-items\">\n<div class=\"field-item even\" property=\"content:encoded\">\n<p class=\"rtejustify\">La Direction G\u00e9n\u00e9rale des Collectivit\u00e9s Territoriales (DGCT), relevant du minist\u00e8re de l\u2019Int\u00e9rieur, et l\u2019op\u00e9rateur public Al Omrane, ont sign\u00e9, mardi, une convention de partenariat qui vient consolider les liens de collaboration \u00e9troite entre les deux institutions et formaliser un engagement mutuel pour faire aboutir un important processus de partage des donn\u00e9es et d\u2019informations relatives aux projets d\u2019habitat et de d\u00e9veloppement territorial.<\/p>\n<\/div>\n<\/div>\n<\/div>\n<\/div>\n<p>Auteur: mbasraoui<br \/>\n<a href=\"https:\/\/www.leconomiste.com\/flash-infos\/habitat-la-dgct-et-al-omrane-s-associent\">Cliquez ici pour lire l&rsquo;article depuis sa source.<\/a><\/p>\n","protected":false},"excerpt":{"rendered":"<p>La Direction G\u00e9n\u00e9rale des Collectivit\u00e9s Territoriales (DGCT), relevant du minist\u00e8re de l\u2019Int\u00e9rieur, et l\u2019op\u00e9rateur public Al Omrane, ont sign\u00e9, mardi, une convention de partenariat qui vient consolider les liens de collaboration \u00e9troite entre les deux institutions et formaliser un engagement mutuel pour faire aboutir un important processus de partage des donn\u00e9es et d\u2019informations relatives aux [&hellip;]<\/p>\n","protected":false},"author":1763,"featured_media":0,"comment_status":"closed","ping_status":"closed","sticky":false,"template":"","format":"standard","meta":{"fifu_image_url":"","fifu_image_alt":"","footnotes":""},"categories":[78,54],"tags":[],"class_list":["post-149555","post","type-post","status-publish","format-standard","hentry","category-economie","category-maroc"],"_links":{"self":[{"href":"https:\/\/linitiative.ca\/International\/wp-json\/wp\/v2\/posts\/149555","targetHints":{"allow":["GET"]}}],"collection":[{"href":"https:\/\/linitiative.ca\/International\/wp-json\/wp\/v2\/posts"}],"about":[{"href":"https:\/\/linitiative.ca\/International\/wp-json\/wp\/v2\/types\/post"}],"author":[{"embeddable":true,"href":"https:\/\/linitiative.ca\/International\/wp-json\/wp\/v2\/users\/1763"}],"replies":[{"embeddable":true,"href":"https:\/\/linitiative.ca\/International\/wp-json\/wp\/v2\/comments?post=149555"}],"version-history":[{"count":0,"href":"https:\/\/linitiative.ca\/International\/wp-json\/wp\/v2\/posts\/149555\/revisions"}],"wp:attachment":[{"href":"https:\/\/linitiative.ca\/International\/wp-json\/wp\/v2\/media?parent=149555"}],"wp:term":[{"taxonomy":"category","embeddable":true,"href":"https:\/\/linitiative.ca\/International\/wp-json\/wp\/v2\/categories?post=149555"},{"taxonomy":"post_tag","embeddable":true,"href":"https:\/\/linitiative.ca\/International\/wp-json\/wp\/v2\/tags?post=149555"}],"curies":[{"name":"wp","href":"https:\/\/api.w.org\/{rel}","templated":true}]}}