{"id":149560,"date":"2022-06-07T03:09:00","date_gmt":"2022-06-07T07:09:00","guid":{"rendered":"https:\/\/linitiative.ca\/International\/zinedine-ferhat-ne-rejoindra-pas-saint-etienne\/"},"modified":"2022-06-07T03:09:00","modified_gmt":"2022-06-07T07:09:00","slug":"zinedine-ferhat-ne-rejoindra-pas-saint-etienne","status":"publish","type":"post","link":"https:\/\/linitiative.ca\/International\/zinedine-ferhat-ne-rejoindra-pas-saint-etienne\/","title":{"rendered":"Zinedine Ferhat ne rejoindra pas Saint-Etienne"},"content":{"rendered":"<div>Le joueur de 29 ans souhaite jouer en Ligue 1 fran\u00e7aise, alors que plusieurs clubs s&rsquo;int\u00e9ressent \u00e0 lui&#8230;<\/div>\n<p>Auteur:<br \/>\n<a href=\"https:\/\/www.lebuteur.com\/article\/detail?titre=zinedine-ferhat-ne-rejoindra-pas-saint-etienne&#038;id=102983\">Cliquez ici pour lire l&rsquo;article depuis sa source.<\/a><\/p>\n","protected":false},"excerpt":{"rendered":"<p>Le joueur de 29 ans souhaite jouer en Ligue 1 fran\u00e7aise, alors que plusieurs clubs s&rsquo;int\u00e9ressent \u00e0 lui&#8230; Auteur: Cliquez ici pour lire l&rsquo;article depuis sa source.<\/p>\n","protected":false},"author":1738,"featured_media":0,"comment_status":"closed","ping_status":"closed","sticky":false,"template":"","format":"standard","meta":{"fifu_image_url":"","fifu_image_alt":"","footnotes":""},"categories":[53,75],"tags":[],"class_list":["post-149560","post","type-post","status-publish","format-standard","hentry","category-algerie","category-sport"],"_links":{"self":[{"href":"https:\/\/linitiative.ca\/International\/wp-json\/wp\/v2\/posts\/149560","targetHints":{"allow":["GET"]}}],"collection":[{"href":"https:\/\/linitiative.ca\/International\/wp-json\/wp\/v2\/posts"}],"about":[{"href":"https:\/\/linitiative.ca\/International\/wp-json\/wp\/v2\/types\/post"}],"author":[{"embeddable":true,"href":"https:\/\/linitiative.ca\/International\/wp-json\/wp\/v2\/users\/1738"}],"replies":[{"embeddable":true,"href":"https:\/\/linitiative.ca\/International\/wp-json\/wp\/v2\/comments?post=149560"}],"version-history":[{"count":0,"href":"https:\/\/linitiative.ca\/International\/wp-json\/wp\/v2\/posts\/149560\/revisions"}],"wp:attachment":[{"href":"https:\/\/linitiative.ca\/International\/wp-json\/wp\/v2\/media?parent=149560"}],"wp:term":[{"taxonomy":"category","embeddable":true,"href":"https:\/\/linitiative.ca\/International\/wp-json\/wp\/v2\/categories?post=149560"},{"taxonomy":"post_tag","embeddable":true,"href":"https:\/\/linitiative.ca\/International\/wp-json\/wp\/v2\/tags?post=149560"}],"curies":[{"name":"wp","href":"https:\/\/api.w.org\/{rel}","templated":true}]}}