{"id":149571,"date":"2022-06-07T08:33:00","date_gmt":"2022-06-07T12:33:00","guid":{"rendered":"https:\/\/linitiative.ca\/International\/50-ans-de-justice-administrative-en-tunisie-quelle-effectivite\/"},"modified":"2022-06-07T08:33:00","modified_gmt":"2022-06-07T12:33:00","slug":"50-ans-de-justice-administrative-en-tunisie-quelle-effectivite","status":"publish","type":"post","link":"https:\/\/linitiative.ca\/International\/50-ans-de-justice-administrative-en-tunisie-quelle-effectivite\/","title":{"rendered":"50 ans de justice administrative en Tunisie : Quelle effectivit\u00e9 ?"},"content":{"rendered":"<div><img decoding=\"async\" src=\"https:\/\/linitiative.ca\/International\/wp-content\/uploads\/sites\/23\/2022\/06\/1654603039_article.jpg\" alt=\"50 ans de justice administrative en Tunisie : Quelle effectivit\u00e9 ?\" align=\"left\">C\u00e9l\u00e9brant le cinquanti\u00e8me anniversaire de la promulgation de la loi 72-40 du 1er juin 1972, le Tribunal administratif se penche sur la justice administrative en Tunisie. A la faveur d\u2019un colloque international qui se tiendra pendant deux jours \u00e0 compter de ce mercredi 8 juin, il invite magistrats et universitaires \u00e0 se pencher sur des th\u00e9matiques d\u2019acuit\u00e9. Les travaux porteront sur l\u2019acc\u00e8s \u00e0 la justice administrative, le temps judiciaire, les exp\u00e9riences compar\u00e9es en France, en Italie, au Liban, en Libye, en Mauritanie et en Egypte. La deuxi\u00e8me journ\u00e9e du colloque sera consacr\u00e9e \u00e0 la qualit\u00e9 de la justice administrative, et \u00e0 son effectivit\u00e9.<br \/>\n\u00a0<\/p>\n<\/div>\n<p>Auteur:<br \/>\n<a href=\"https:\/\/www.leaders.com.tn\/article\/33457-50-ans-de-justice-administrative-en-tunisie-quelle-effectivite\">Cliquez ici pour lire l&rsquo;article depuis sa source.<\/a><\/p>\n","protected":false},"excerpt":{"rendered":"<p>C\u00e9l\u00e9brant le cinquanti\u00e8me anniversaire de la promulgation de la loi 72-40 du 1er juin 1972, le Tribunal administratif se penche sur la justice administrative en Tunisie. A la faveur d\u2019un colloque international qui se tiendra pendant deux jours \u00e0 compter de ce mercredi 8 juin, il invite magistrats et universitaires \u00e0 se pencher sur des [&hellip;]<\/p>\n","protected":false},"author":1772,"featured_media":0,"comment_status":"closed","ping_status":"closed","sticky":false,"template":"","format":"standard","meta":{"fifu_image_url":"http:\/\/www.leaders.com.tn\/uploads\/content\/thumbnails_small\/1654603039_article.jpg","fifu_image_alt":"50 ans de justice administrative en Tunisie : Quelle effectivit\u00e9 ?","footnotes":""},"categories":[73,55],"tags":[],"class_list":["post-149571","post","type-post","status-publish","format-standard","hentry","category-actualite","category-tunisie"],"_links":{"self":[{"href":"https:\/\/linitiative.ca\/International\/wp-json\/wp\/v2\/posts\/149571","targetHints":{"allow":["GET"]}}],"collection":[{"href":"https:\/\/linitiative.ca\/International\/wp-json\/wp\/v2\/posts"}],"about":[{"href":"https:\/\/linitiative.ca\/International\/wp-json\/wp\/v2\/types\/post"}],"author":[{"embeddable":true,"href":"https:\/\/linitiative.ca\/International\/wp-json\/wp\/v2\/users\/1772"}],"replies":[{"embeddable":true,"href":"https:\/\/linitiative.ca\/International\/wp-json\/wp\/v2\/comments?post=149571"}],"version-history":[{"count":0,"href":"https:\/\/linitiative.ca\/International\/wp-json\/wp\/v2\/posts\/149571\/revisions"}],"wp:attachment":[{"href":"https:\/\/linitiative.ca\/International\/wp-json\/wp\/v2\/media?parent=149571"}],"wp:term":[{"taxonomy":"category","embeddable":true,"href":"https:\/\/linitiative.ca\/International\/wp-json\/wp\/v2\/categories?post=149571"},{"taxonomy":"post_tag","embeddable":true,"href":"https:\/\/linitiative.ca\/International\/wp-json\/wp\/v2\/tags?post=149571"}],"curies":[{"name":"wp","href":"https:\/\/api.w.org\/{rel}","templated":true}]}}