{"id":149577,"date":"2022-06-07T09:10:04","date_gmt":"2022-06-07T13:10:04","guid":{"rendered":"https:\/\/linitiative.ca\/International\/couverture-medicale-credit-agricole-du-maroc-lance-un-nouveau-produit-au-profit-des-agriculteurs\/"},"modified":"2022-06-07T09:10:04","modified_gmt":"2022-06-07T13:10:04","slug":"couverture-medicale-credit-agricole-du-maroc-lance-un-nouveau-produit-au-profit-des-agriculteurs","status":"publish","type":"post","link":"https:\/\/linitiative.ca\/International\/couverture-medicale-credit-agricole-du-maroc-lance-un-nouveau-produit-au-profit-des-agriculteurs\/","title":{"rendered":"Couverture m\u00e9dicale. Cr\u00e9dit Agricole du Maroc lance un nouveau produit au profit des agriculteurs"},"content":{"rendered":"<div><img decoding=\"async\" width=\"600\" height=\"400\" src=\"https:\/\/linitiative.ca\/International\/wp-content\/uploads\/sites\/23\/2022\/06\/Credit-Agricole-du-Maroc.jpg\" class=\"attachment-post-thumbnail size-post-thumbnail wp-post-image\" alt=\"\" loading=\"lazy\" srcset=\"https:\/\/linitiative.ca\/International\/wp-content\/uploads\/sites\/23\/2022\/06\/Credit-Agricole-du-Maroc.jpg 600w, https:\/\/www.challenge.ma\/wp-content\/uploads\/2019\/04\/Credit-Agricole-du-Maroc-300x200.jpg 300w, https:\/\/www.challenge.ma\/wp-content\/uploads\/2019\/04\/Credit-Agricole-du-Maroc-360x240.jpg 360w\" sizes=\"auto, (max-width: 600px) 100vw, 600px\" itemprop=\"image\">Le groupe Cr\u00e9dit Agricole du Maroc poursuit sa mobilisation au profit du monde rural et des agriculteurs, avec le lancement d\u2019un nouveau produit baptis\u00e9 \u00abTasbiq Addaman Al-Ijtimaii\u00a0\u00bb. En partenariat avec le Minist\u00e8re de l\u2019Agriculture, de la P\u00eache Maritime, du D\u00e9veloppement Rural et des Eaux et For\u00eats et de la Caisse<\/div>\n<p>Auteur: Roland Amoussou<br \/>\n<a href=\"https:\/\/www.challenge.ma\/couverture-medicale-credit-agricole-du-maroc-lance-un-nouveau-produit-au-profit-des-agriculteurs-240102\/\">Cliquez ici pour lire l&rsquo;article depuis sa source.<\/a><\/p>\n","protected":false},"excerpt":{"rendered":"<p>Le groupe Cr\u00e9dit Agricole du Maroc poursuit sa mobilisation au profit du monde rural et des agriculteurs, avec le lancement d\u2019un nouveau produit baptis\u00e9 \u00abTasbiq Addaman Al-Ijtimaii\u00a0\u00bb. En partenariat avec le Minist\u00e8re de l\u2019Agriculture, de la P\u00eache Maritime, du D\u00e9veloppement Rural et des Eaux et For\u00eats et de la Caisse Auteur: Roland Amoussou Cliquez ici [&hellip;]<\/p>\n","protected":false},"author":1787,"featured_media":0,"comment_status":"closed","ping_status":"closed","sticky":false,"template":"","format":"standard","meta":{"fifu_image_url":"https:\/\/www.challenge.ma\/wp-content\/uploads\/2019\/04\/Credit-Agricole-du-Maroc.jpg","fifu_image_alt":"Couverture m\u00e9dicale. Cr\u00e9dit Agricole du Maroc lance un nouveau produit au profit des agriculteurs","footnotes":""},"categories":[78,54],"tags":[],"class_list":["post-149577","post","type-post","status-publish","format-standard","hentry","category-economie","category-maroc"],"_links":{"self":[{"href":"https:\/\/linitiative.ca\/International\/wp-json\/wp\/v2\/posts\/149577","targetHints":{"allow":["GET"]}}],"collection":[{"href":"https:\/\/linitiative.ca\/International\/wp-json\/wp\/v2\/posts"}],"about":[{"href":"https:\/\/linitiative.ca\/International\/wp-json\/wp\/v2\/types\/post"}],"author":[{"embeddable":true,"href":"https:\/\/linitiative.ca\/International\/wp-json\/wp\/v2\/users\/1787"}],"replies":[{"embeddable":true,"href":"https:\/\/linitiative.ca\/International\/wp-json\/wp\/v2\/comments?post=149577"}],"version-history":[{"count":0,"href":"https:\/\/linitiative.ca\/International\/wp-json\/wp\/v2\/posts\/149577\/revisions"}],"wp:attachment":[{"href":"https:\/\/linitiative.ca\/International\/wp-json\/wp\/v2\/media?parent=149577"}],"wp:term":[{"taxonomy":"category","embeddable":true,"href":"https:\/\/linitiative.ca\/International\/wp-json\/wp\/v2\/categories?post=149577"},{"taxonomy":"post_tag","embeddable":true,"href":"https:\/\/linitiative.ca\/International\/wp-json\/wp\/v2\/tags?post=149577"}],"curies":[{"name":"wp","href":"https:\/\/api.w.org\/{rel}","templated":true}]}}