{"id":149590,"date":"2022-06-07T15:28:16","date_gmt":"2022-06-07T19:28:16","guid":{"rendered":"https:\/\/linitiative.ca\/International\/duree-de-la-transition-fixee-par-les-autorites-de-bamako-quelle-mouche-a-bien-pu-piquer-assimi-goita\/"},"modified":"2022-06-07T15:28:16","modified_gmt":"2022-06-07T19:28:16","slug":"duree-de-la-transition-fixee-par-les-autorites-de-bamako-quelle-mouche-a-bien-pu-piquer-assimi-goita","status":"publish","type":"post","link":"https:\/\/linitiative.ca\/International\/duree-de-la-transition-fixee-par-les-autorites-de-bamako-quelle-mouche-a-bien-pu-piquer-assimi-goita\/","title":{"rendered":"DUREE DE LA TRANSITION FIXEE PAR LES AUTORITES DE BAMAKO : Quelle mouche a bien pu piquer Assimi Go\u00efta\u00a0?"},"content":{"rendered":"<div>\n<p><img decoding=\"async\" width=\"277\" height=\"182\" src=\"https:\/\/linitiative.ca\/International\/wp-content\/uploads\/sites\/23\/2022\/06\/mali-1.jpg\" class=\"attachment- size- wp-post-image\" alt=\"\" loading=\"lazy\" style=\"float:left; margin:0 15px 15px 0;\" srcset=\"https:\/\/linitiative.ca\/International\/wp-content\/uploads\/sites\/23\/2022\/06\/mali-1.jpg 277w, https:\/\/lepays.bf\/wp-content\/uploads\/2022\/06\/mali-1-150x99.jpg 150w\" sizes=\"auto, (max-width: 277px) 100vw, 277px\">Alors que les discussions \u00e9taient cens\u00e9es se poursuivre sur le chronogramme de la transition et que toutes les oreilles \u00e9taient tendues du c\u00f4t\u00e9 de la CEDEAO (Communaut\u00e9 \u00e9conomique des Etats de l\u2019Afrique de l\u2019Ouest) pour savoir si elle l\u00e8verait enfin les sanctions contre le Mali [\u2026]<\/p>\n<p>L\u2019article <a rel=\"nofollow\" href=\"https:\/\/lepays.bf\/duree-de-la-transition-fixee-par-les-autorites-de-bamako-quelle-mouche-a-bien-pu-piquer-assimi-goita\/\">DUREE DE LA TRANSITION FIXEE PAR LES AUTORITES DE BAMAKO : Quelle mouche a bien pu piquer Assimi Go\u00efta\u00a0?<\/a> est apparu en premier sur <a rel=\"nofollow\" href=\"https:\/\/lepays.bf\/\">Editions Le Pays<\/a>.<\/p>\n<\/div>\n<p>Auteur: Editions LEPAYS<br \/>\n<a href=\"https:\/\/lepays.bf\/duree-de-la-transition-fixee-par-les-autorites-de-bamako-quelle-mouche-a-bien-pu-piquer-assimi-goita\/\">Cliquez ici pour lire l&rsquo;article depuis sa source.<\/a><\/p>\n","protected":false},"excerpt":{"rendered":"<p>Alors que les discussions \u00e9taient cens\u00e9es se poursuivre sur le chronogramme de la transition et que toutes les oreilles \u00e9taient tendues du c\u00f4t\u00e9 de la CEDEAO (Communaut\u00e9 \u00e9conomique des Etats de l\u2019Afrique de l\u2019Ouest) pour savoir si elle l\u00e8verait enfin les sanctions contre le Mali [\u2026] L\u2019article DUREE DE LA TRANSITION FIXEE PAR LES AUTORITES [&hellip;]<\/p>\n","protected":false},"author":1813,"featured_media":0,"comment_status":"closed","ping_status":"closed","sticky":false,"template":"","format":"standard","meta":{"fifu_image_url":"https:\/\/lepays.bf\/wp-content\/uploads\/2022\/06\/mali-1.jpg","fifu_image_alt":"DUREE DE LA TRANSITION FIXEE PAR LES AUTORITES DE BAMAKO : Quelle mouche a bien pu piquer Assimi Go\u00efta\u00a0?","footnotes":""},"categories":[73,81],"tags":[],"class_list":["post-149590","post","type-post","status-publish","format-standard","hentry","category-actualite","category-burkina-faso"],"_links":{"self":[{"href":"https:\/\/linitiative.ca\/International\/wp-json\/wp\/v2\/posts\/149590","targetHints":{"allow":["GET"]}}],"collection":[{"href":"https:\/\/linitiative.ca\/International\/wp-json\/wp\/v2\/posts"}],"about":[{"href":"https:\/\/linitiative.ca\/International\/wp-json\/wp\/v2\/types\/post"}],"author":[{"embeddable":true,"href":"https:\/\/linitiative.ca\/International\/wp-json\/wp\/v2\/users\/1813"}],"replies":[{"embeddable":true,"href":"https:\/\/linitiative.ca\/International\/wp-json\/wp\/v2\/comments?post=149590"}],"version-history":[{"count":0,"href":"https:\/\/linitiative.ca\/International\/wp-json\/wp\/v2\/posts\/149590\/revisions"}],"wp:attachment":[{"href":"https:\/\/linitiative.ca\/International\/wp-json\/wp\/v2\/media?parent=149590"}],"wp:term":[{"taxonomy":"category","embeddable":true,"href":"https:\/\/linitiative.ca\/International\/wp-json\/wp\/v2\/categories?post=149590"},{"taxonomy":"post_tag","embeddable":true,"href":"https:\/\/linitiative.ca\/International\/wp-json\/wp\/v2\/tags?post=149590"}],"curies":[{"name":"wp","href":"https:\/\/api.w.org\/{rel}","templated":true}]}}