{"id":149592,"date":"2022-06-07T15:31:23","date_gmt":"2022-06-07T19:31:23","guid":{"rendered":"https:\/\/linitiative.ca\/International\/appel-de-lopposition-a-manifester-a-dakar-le-senegal-danse-sur-un-volcan\/"},"modified":"2022-06-07T15:31:23","modified_gmt":"2022-06-07T19:31:23","slug":"appel-de-lopposition-a-manifester-a-dakar-le-senegal-danse-sur-un-volcan","status":"publish","type":"post","link":"https:\/\/linitiative.ca\/International\/appel-de-lopposition-a-manifester-a-dakar-le-senegal-danse-sur-un-volcan\/","title":{"rendered":"APPEL DE L\u2019OPPOSITION A MANIFESTER A DAKAR : Le S\u00e9n\u00e9gal danse sur un volcan"},"content":{"rendered":"<div>\n<p><img decoding=\"async\" width=\"275\" height=\"183\" src=\"https:\/\/linitiative.ca\/International\/wp-content\/uploads\/sites\/23\/2022\/06\/senegal.jpg\" class=\"attachment- size- wp-post-image\" alt=\"\" loading=\"lazy\" style=\"float:left; margin:0 15px 15px 0;\" srcset=\"https:\/\/linitiative.ca\/International\/wp-content\/uploads\/sites\/23\/2022\/06\/senegal.jpg 275w, https:\/\/lepays.bf\/wp-content\/uploads\/2022\/06\/senegal-150x100.jpg 150w, https:\/\/lepays.bf\/wp-content\/uploads\/2022\/06\/senegal-128x86.jpg 128w\" sizes=\"auto, (max-width: 275px) 100vw, 275px\">Se dirige-t-on vers des l\u00e9gislatives sans les principaux candidats de l\u2019opposition au S\u00e9n\u00e9gal\u00a0?\u00a0 C\u2019est du moins ce que laisse croire l\u2019arr\u00eat\u00e9 du minist\u00e8re de l\u2019Int\u00e9rieur, rendu public le 31 mai dernier, et ent\u00e9rin\u00e9 par le Conseil constitutionnel,\u00a0\u00a0 \u00a0qui invalide la liste des titulaires de la [\u2026]<\/p>\n<p>L\u2019article <a rel=\"nofollow\" href=\"https:\/\/lepays.bf\/appel-de-lopposition-a-manifester-a-dakar-le-senegal-danse-sur-un-volcan\/\">APPEL DE L\u2019OPPOSITION A MANIFESTER A DAKAR : Le S\u00e9n\u00e9gal danse sur un volcan<\/a> est apparu en premier sur <a rel=\"nofollow\" href=\"https:\/\/lepays.bf\/\">Editions Le Pays<\/a>.<\/p>\n<\/div>\n<p>Auteur: Editions LEPAYS<br \/>\n<a href=\"https:\/\/lepays.bf\/appel-de-lopposition-a-manifester-a-dakar-le-senegal-danse-sur-un-volcan\/\">Cliquez ici pour lire l&rsquo;article depuis sa source.<\/a><\/p>\n","protected":false},"excerpt":{"rendered":"<p>Se dirige-t-on vers des l\u00e9gislatives sans les principaux candidats de l\u2019opposition au S\u00e9n\u00e9gal\u00a0?\u00a0 C\u2019est du moins ce que laisse croire l\u2019arr\u00eat\u00e9 du minist\u00e8re de l\u2019Int\u00e9rieur, rendu public le 31 mai dernier, et ent\u00e9rin\u00e9 par le Conseil constitutionnel,\u00a0\u00a0 \u00a0qui invalide la liste des titulaires de la [\u2026] L\u2019article APPEL DE L\u2019OPPOSITION A MANIFESTER A DAKAR : [&hellip;]<\/p>\n","protected":false},"author":1813,"featured_media":0,"comment_status":"closed","ping_status":"closed","sticky":false,"template":"","format":"standard","meta":{"fifu_image_url":"https:\/\/lepays.bf\/wp-content\/uploads\/2022\/06\/senegal.jpg","fifu_image_alt":"APPEL DE L\u2019OPPOSITION A MANIFESTER A DAKAR : Le S\u00e9n\u00e9gal danse sur un volcan","footnotes":""},"categories":[73,81],"tags":[],"class_list":["post-149592","post","type-post","status-publish","format-standard","hentry","category-actualite","category-burkina-faso"],"_links":{"self":[{"href":"https:\/\/linitiative.ca\/International\/wp-json\/wp\/v2\/posts\/149592","targetHints":{"allow":["GET"]}}],"collection":[{"href":"https:\/\/linitiative.ca\/International\/wp-json\/wp\/v2\/posts"}],"about":[{"href":"https:\/\/linitiative.ca\/International\/wp-json\/wp\/v2\/types\/post"}],"author":[{"embeddable":true,"href":"https:\/\/linitiative.ca\/International\/wp-json\/wp\/v2\/users\/1813"}],"replies":[{"embeddable":true,"href":"https:\/\/linitiative.ca\/International\/wp-json\/wp\/v2\/comments?post=149592"}],"version-history":[{"count":0,"href":"https:\/\/linitiative.ca\/International\/wp-json\/wp\/v2\/posts\/149592\/revisions"}],"wp:attachment":[{"href":"https:\/\/linitiative.ca\/International\/wp-json\/wp\/v2\/media?parent=149592"}],"wp:term":[{"taxonomy":"category","embeddable":true,"href":"https:\/\/linitiative.ca\/International\/wp-json\/wp\/v2\/categories?post=149592"},{"taxonomy":"post_tag","embeddable":true,"href":"https:\/\/linitiative.ca\/International\/wp-json\/wp\/v2\/tags?post=149592"}],"curies":[{"name":"wp","href":"https:\/\/api.w.org\/{rel}","templated":true}]}}