{"id":149599,"date":"2022-06-07T10:53:46","date_gmt":"2022-06-07T14:53:46","guid":{"rendered":"https:\/\/linitiative.ca\/International\/maroc-le-royaume-organise-la-1re-reunion-ministerielle-des-etats-africains-atlantiques\/"},"modified":"2022-06-07T10:53:46","modified_gmt":"2022-06-07T14:53:46","slug":"maroc-le-royaume-organise-la-1re-reunion-ministerielle-des-etats-africains-atlantiques","status":"publish","type":"post","link":"https:\/\/linitiative.ca\/International\/maroc-le-royaume-organise-la-1re-reunion-ministerielle-des-etats-africains-atlantiques\/","title":{"rendered":"Maroc\u00a0: Le royaume organise la 1re \u00a0r\u00e9union minist\u00e9rielle des Etats Africains Atlantiques"},"content":{"rendered":"<div>\n<p>Le Maroc sera encore sous les projecteurs le 08 juin 2022. Ce jour-l\u00e0, \u00e0 Rabat, le royaume ch\u00e9rifien organisera la premi\u00e8re r\u00e9union minist\u00e9rielle des Etats Africains Atlantiques. 21 pays de la fa\u00e7ade atlantique y prendront part dont une quinzaine repr\u00e9sent\u00e9s au niveau minist\u00e9riel, \u00a0selon le minist\u00e8re marocain des Affaires \u00e9trang\u00e8res, de la Coop\u00e9ration africaine et des Marocains r\u00e9sidant \u00e0 l\u2019\u00e9tranger. Les d\u00e9l\u00e9gations \u00e9changeront sur trois th\u00e9matiques \u00e0 savoir, \u00ab\u00a0Dialogue Politique, de S\u00e9curit\u00e9 et de S\u00fbret\u00e9\u00a0\u00bb, \u00ab\u00a0Economie Bleue et Connectivit\u00e9\u00a0\u00bb et \u00ab\u00a0Environnement et Energie\u00a0\u00bb.<\/p>\n<p><strong>Sidwaya.info<\/strong><\/p>\n<p><strong>AK<\/strong><\/p>\n<\/div>\n<p>Auteur: BS. Sidwaya<br \/>\n<a href=\"https:\/\/www.sidwaya.info\/blog\/2022\/06\/07\/maroc-le-royaume-organise-la-1re-reunion-ministerielle-des-etats-africains-atlantiques-2\/\">Cliquez ici pour lire l&rsquo;article depuis sa source.<\/a><\/p>\n","protected":false},"excerpt":{"rendered":"<p>Le Maroc sera encore sous les projecteurs le 08 juin 2022. Ce jour-l\u00e0, \u00e0 Rabat, le royaume ch\u00e9rifien organisera la premi\u00e8re r\u00e9union minist\u00e9rielle des Etats Africains Atlantiques. 21 pays de la fa\u00e7ade atlantique y prendront part dont une quinzaine repr\u00e9sent\u00e9s au niveau minist\u00e9riel, \u00a0selon le minist\u00e8re marocain des Affaires \u00e9trang\u00e8res, de la Coop\u00e9ration africaine et [&hellip;]<\/p>\n","protected":false},"author":1816,"featured_media":0,"comment_status":"closed","ping_status":"closed","sticky":false,"template":"","format":"standard","meta":{"fifu_image_url":"","fifu_image_alt":"","footnotes":""},"categories":[73,81],"tags":[],"class_list":["post-149599","post","type-post","status-publish","format-standard","hentry","category-actualite","category-burkina-faso"],"_links":{"self":[{"href":"https:\/\/linitiative.ca\/International\/wp-json\/wp\/v2\/posts\/149599","targetHints":{"allow":["GET"]}}],"collection":[{"href":"https:\/\/linitiative.ca\/International\/wp-json\/wp\/v2\/posts"}],"about":[{"href":"https:\/\/linitiative.ca\/International\/wp-json\/wp\/v2\/types\/post"}],"author":[{"embeddable":true,"href":"https:\/\/linitiative.ca\/International\/wp-json\/wp\/v2\/users\/1816"}],"replies":[{"embeddable":true,"href":"https:\/\/linitiative.ca\/International\/wp-json\/wp\/v2\/comments?post=149599"}],"version-history":[{"count":0,"href":"https:\/\/linitiative.ca\/International\/wp-json\/wp\/v2\/posts\/149599\/revisions"}],"wp:attachment":[{"href":"https:\/\/linitiative.ca\/International\/wp-json\/wp\/v2\/media?parent=149599"}],"wp:term":[{"taxonomy":"category","embeddable":true,"href":"https:\/\/linitiative.ca\/International\/wp-json\/wp\/v2\/categories?post=149599"},{"taxonomy":"post_tag","embeddable":true,"href":"https:\/\/linitiative.ca\/International\/wp-json\/wp\/v2\/tags?post=149599"}],"curies":[{"name":"wp","href":"https:\/\/api.w.org\/{rel}","templated":true}]}}