{"id":149600,"date":"2022-06-07T11:36:08","date_gmt":"2022-06-07T15:36:08","guid":{"rendered":"https:\/\/linitiative.ca\/International\/cote-divoire-adama-bictogo-elu-a-la-tete-de-lassemblee-nationale\/"},"modified":"2022-06-07T11:36:08","modified_gmt":"2022-06-07T15:36:08","slug":"cote-divoire-adama-bictogo-elu-a-la-tete-de-lassemblee-nationale","status":"publish","type":"post","link":"https:\/\/linitiative.ca\/International\/cote-divoire-adama-bictogo-elu-a-la-tete-de-lassemblee-nationale\/","title":{"rendered":"C\u00f4te d\u2019Ivoire\u00a0: Adama Bictogo \u00e9lu \u00e0 la t\u00eate de l\u2019Assembl\u00e9e nationale"},"content":{"rendered":"<div>\n<p>Le directeur ex\u00e9cutif du Rassemblement des houphou\u00ebtistes pour la d\u00e9mocratie et la paix (RHDP), Adama Bictogo a \u00e9t\u00e9 \u00e9lu aujourd\u2019hui pr\u00e9sident de l\u2019Assembl\u00e9e nationale de C\u00f4te d\u2019Ivoire.<\/p>\n<figure id=\"attachment_50469\" aria-describedby=\"caption-attachment-50469\" style=\"width: 900px\" class=\"wp-caption alignnone\"><img loading=\"lazy\" decoding=\"async\" data-attachment-id=\"50469\" data-permalink=\"https:\/\/www.sidwaya.info\/blog\/2022\/06\/07\/cote-divoire-adama-bictogo-elu-a-la-tete-de-lassemblee-nationale\/adama-bictogo\/\" data-orig-file=\"https:\/\/linitiative.ca\/International\/wp-content\/uploads\/sites\/23\/2022\/06\/Adama-Bictogo.jpg\" data-orig-size=\"900,600\" data-comments-opened=\"1\" data-image-meta='{\"aperture\":\"0\",\"credit\":\"\",\"camera\":\"\",\"caption\":\"\",\"created_timestamp\":\"0\",\"copyright\":\"\",\"focal_length\":\"0\",\"iso\":\"0\",\"shutter_speed\":\"0\",\"title\":\"\",\"orientation\":\"0\"}' data-image-title=\"Adama Bictogo\" data-image-description=\"\" data-image-caption=\"&lt;p&gt;Adama Bictogo a remport\u00e9 237 voix soit 97,53% des suffrages&lt;\/p&gt;\n\" data-medium-file=\"https:\/\/www.sidwaya.info\/wp-content\/uploads\/2022\/06\/Adama-Bictogo-300x200.jpg\" data-large-file=\"https:\/\/linitiative.ca\/International\/wp-content\/uploads\/sites\/23\/2022\/06\/Adama-Bictogo.jpg\" class=\"size-full wp-image-50469\" src=\"https:\/\/linitiative.ca\/International\/wp-content\/uploads\/sites\/23\/2022\/06\/Adama-Bictogo.jpg\" alt=\"\" width=\"900\" height=\"600\" srcset=\"https:\/\/linitiative.ca\/International\/wp-content\/uploads\/sites\/23\/2022\/06\/Adama-Bictogo.jpg 900w, https:\/\/www.sidwaya.info\/wp-content\/uploads\/2022\/06\/Adama-Bictogo-300x200.jpg 300w, https:\/\/www.sidwaya.info\/wp-content\/uploads\/2022\/06\/Adama-Bictogo-768x512.jpg 768w, https:\/\/www.sidwaya.info\/wp-content\/uploads\/2022\/06\/Adama-Bictogo-150x100.jpg 150w, https:\/\/www.sidwaya.info\/wp-content\/uploads\/2022\/06\/Adama-Bictogo-696x464.jpg 696w, https:\/\/www.sidwaya.info\/wp-content\/uploads\/2022\/06\/Adama-Bictogo-630x420.jpg 630w\" sizes=\"auto, (max-width: 900px) 100vw, 900px\"><figcaption id=\"caption-attachment-50469\" class=\"wp-caption-text\"><strong>Adama Bictogo a remport\u00e9 237 voix soit 97,53% des suffrages.<\/strong><\/figcaption><\/figure>\n<p>Le d\u00e9put\u00e9 de la circonscription d\u2019Agboville a remport\u00e9 237 voix contre 06 pour son adversaire Jean Michel Amankou, d\u00e9put\u00e9 de la sous-pr\u00e9fecture d\u2019Agnibil\u00e9kro lors de la session pl\u00e9ni\u00e8re consacr\u00e9e \u00e0 l\u2019\u00e9lection du pr\u00e9sident de l\u2019institution parlementaire.<\/p>\n<p>Adama Bictogo succ\u00e8de ainsi \u00e0 Amadou Soumahoro d\u00e9c\u00e9d\u00e9 le samedi 07 mai 2022 \u00e0 l\u2019\u00e2ge de 68 ans \u00e0 la t\u00eate du pouvoir l\u00e9gislatif ivoirien.<\/p>\n<p style=\"text-align: right\"><strong>Sidwaya.info<\/strong><\/p>\n<\/div>\n<p>Auteur: Wamini SIDWAYA<br \/>\n<a href=\"https:\/\/www.sidwaya.info\/blog\/2022\/06\/07\/cote-divoire-adama-bictogo-elu-a-la-tete-de-lassemblee-nationale\/\">Cliquez ici pour lire l&rsquo;article depuis sa source.<\/a><\/p>\n","protected":false},"excerpt":{"rendered":"<p>Le directeur ex\u00e9cutif du Rassemblement des houphou\u00ebtistes pour la d\u00e9mocratie et la paix (RHDP), Adama Bictogo a \u00e9t\u00e9 \u00e9lu aujourd\u2019hui pr\u00e9sident de l\u2019Assembl\u00e9e nationale de C\u00f4te d\u2019Ivoire. Adama Bictogo a remport\u00e9 237 voix soit 97,53% des suffrages. Le d\u00e9put\u00e9 de la circonscription d\u2019Agboville a remport\u00e9 237 voix contre 06 pour son adversaire Jean Michel Amankou, [&hellip;]<\/p>\n","protected":false},"author":1816,"featured_media":0,"comment_status":"closed","ping_status":"closed","sticky":false,"template":"","format":"standard","meta":{"fifu_image_url":"https:\/\/www.sidwaya.info\/wp-content\/uploads\/2022\/06\/Adama-Bictogo.jpg","fifu_image_alt":"C\u00f4te d\u2019Ivoire\u00a0: Adama Bictogo \u00e9lu \u00e0 la t\u00eate de l\u2019Assembl\u00e9e nationale","footnotes":""},"categories":[73,81],"tags":[],"class_list":["post-149600","post","type-post","status-publish","format-standard","hentry","category-actualite","category-burkina-faso"],"_links":{"self":[{"href":"https:\/\/linitiative.ca\/International\/wp-json\/wp\/v2\/posts\/149600","targetHints":{"allow":["GET"]}}],"collection":[{"href":"https:\/\/linitiative.ca\/International\/wp-json\/wp\/v2\/posts"}],"about":[{"href":"https:\/\/linitiative.ca\/International\/wp-json\/wp\/v2\/types\/post"}],"author":[{"embeddable":true,"href":"https:\/\/linitiative.ca\/International\/wp-json\/wp\/v2\/users\/1816"}],"replies":[{"embeddable":true,"href":"https:\/\/linitiative.ca\/International\/wp-json\/wp\/v2\/comments?post=149600"}],"version-history":[{"count":0,"href":"https:\/\/linitiative.ca\/International\/wp-json\/wp\/v2\/posts\/149600\/revisions"}],"wp:attachment":[{"href":"https:\/\/linitiative.ca\/International\/wp-json\/wp\/v2\/media?parent=149600"}],"wp:term":[{"taxonomy":"category","embeddable":true,"href":"https:\/\/linitiative.ca\/International\/wp-json\/wp\/v2\/categories?post=149600"},{"taxonomy":"post_tag","embeddable":true,"href":"https:\/\/linitiative.ca\/International\/wp-json\/wp\/v2\/tags?post=149600"}],"curies":[{"name":"wp","href":"https:\/\/api.w.org\/{rel}","templated":true}]}}