{"id":149602,"date":"2022-06-07T12:16:49","date_gmt":"2022-06-07T16:16:49","guid":{"rendered":"https:\/\/linitiative.ca\/International\/nigeria-des-querelles-empechent-le-parti-au-pouvoir-de-choisir-son-candidat\/"},"modified":"2022-06-07T12:16:49","modified_gmt":"2022-06-07T16:16:49","slug":"nigeria-des-querelles-empechent-le-parti-au-pouvoir-de-choisir-son-candidat","status":"publish","type":"post","link":"https:\/\/linitiative.ca\/International\/nigeria-des-querelles-empechent-le-parti-au-pouvoir-de-choisir-son-candidat\/","title":{"rendered":"Nigeria : Des querelles emp\u00eachent \u00a0le parti au pouvoir de choisir son candidat"},"content":{"rendered":"<div>\n<p>Min\u00e9 par les divisions internes, le parti au pouvoir au Nigeria, le Congr\u00e8s des progressistes (APC), va bient\u00f4t \u00a0d\u00e9signer son candidat pour la pr\u00e9sidentielle de 2023.<\/p>\n<p>Sont en lice le chef historique du parti, Bola Tinubu, l\u2019actuel vice-pr\u00e9sident, Yemi Osinbajo, l\u2019ancien ministre des transports, Rotimi Amaechi, et le pr\u00e9sident du S\u00e9nat, Ahmad Lawan.<\/p>\n<blockquote class=\"td_pull_quote td_pull_center\">\n<div class=\"td-paragraph-padding-5\">\n<p><span class=\"td_text_highlight_marker_blue td_text_highlight_marker\"><em>\u00ab Je vous demande de reconna\u00eetre l\u2019importance de la stabilit\u00e9 et de l\u2019unit\u00e9 du parti sur lesquelles on ne saurait trop insister \u00bb<\/em><span style=\"color: #222222;font-family: Verdana, BlinkMacSystemFont, -apple-system, 'Segoe UI', Roboto, Oxygen, Ubuntu, Cantarell, 'Open Sans', 'Helvetica Neue', sans-serif;font-size: 15px\">, a d\u00e9clar\u00e9 le pr\u00e9sident Buhari dans un communiqu\u00e9 publi\u00e9 ce week-end.<\/span><\/span><\/p>\n<\/div>\n<\/blockquote>\n<p>Face \u00e0 la crise, \u00a0le pr\u00e9sident Muhammadu Buhari a invit\u00e9 les protagonistes et le parti \u00e0 trouver un consensus.<\/p>\n<p>Selon l\u2019AFP, les primaires du Congr\u00e8s des progressistes (APC), organis\u00e9es ce mardi 7 juin \u00e0 Abuja, la capitale f\u00e9d\u00e9rale, n\u2019ont permis \u00e0 aucun candidat d\u2019\u00e9merger \u00e0 cause des querelles intestines.<\/p>\n<p style=\"text-align: right\"><strong>AK<\/strong><\/p>\n<\/div>\n<p>Auteur: Wamini SIDWAYA<br \/>\n<a href=\"https:\/\/www.sidwaya.info\/blog\/2022\/06\/07\/nigeria-des-querelles-empechent-le-parti-au-pouvoir-de-choisir-son-candidat\/\">Cliquez ici pour lire l&rsquo;article depuis sa source.<\/a><\/p>\n","protected":false},"excerpt":{"rendered":"<p>Min\u00e9 par les divisions internes, le parti au pouvoir au Nigeria, le Congr\u00e8s des progressistes (APC), va bient\u00f4t \u00a0d\u00e9signer son candidat pour la pr\u00e9sidentielle de 2023. Sont en lice le chef historique du parti, Bola Tinubu, l\u2019actuel vice-pr\u00e9sident, Yemi Osinbajo, l\u2019ancien ministre des transports, Rotimi Amaechi, et le pr\u00e9sident du S\u00e9nat, Ahmad Lawan. \u00ab Je [&hellip;]<\/p>\n","protected":false},"author":1816,"featured_media":0,"comment_status":"closed","ping_status":"closed","sticky":false,"template":"","format":"standard","meta":{"fifu_image_url":"","fifu_image_alt":"","footnotes":""},"categories":[73,81],"tags":[],"class_list":["post-149602","post","type-post","status-publish","format-standard","hentry","category-actualite","category-burkina-faso"],"_links":{"self":[{"href":"https:\/\/linitiative.ca\/International\/wp-json\/wp\/v2\/posts\/149602","targetHints":{"allow":["GET"]}}],"collection":[{"href":"https:\/\/linitiative.ca\/International\/wp-json\/wp\/v2\/posts"}],"about":[{"href":"https:\/\/linitiative.ca\/International\/wp-json\/wp\/v2\/types\/post"}],"author":[{"embeddable":true,"href":"https:\/\/linitiative.ca\/International\/wp-json\/wp\/v2\/users\/1816"}],"replies":[{"embeddable":true,"href":"https:\/\/linitiative.ca\/International\/wp-json\/wp\/v2\/comments?post=149602"}],"version-history":[{"count":0,"href":"https:\/\/linitiative.ca\/International\/wp-json\/wp\/v2\/posts\/149602\/revisions"}],"wp:attachment":[{"href":"https:\/\/linitiative.ca\/International\/wp-json\/wp\/v2\/media?parent=149602"}],"wp:term":[{"taxonomy":"category","embeddable":true,"href":"https:\/\/linitiative.ca\/International\/wp-json\/wp\/v2\/categories?post=149602"},{"taxonomy":"post_tag","embeddable":true,"href":"https:\/\/linitiative.ca\/International\/wp-json\/wp\/v2\/tags?post=149602"}],"curies":[{"name":"wp","href":"https:\/\/api.w.org\/{rel}","templated":true}]}}