{"id":149607,"date":"2022-06-07T14:18:04","date_gmt":"2022-06-07T18:18:04","guid":{"rendered":"https:\/\/linitiative.ca\/International\/a-paris-des-artistes-ivoiriens-sengagent-pour-la-paix\/"},"modified":"2022-06-07T14:18:04","modified_gmt":"2022-06-07T18:18:04","slug":"a-paris-des-artistes-ivoiriens-sengagent-pour-la-paix","status":"publish","type":"post","link":"https:\/\/linitiative.ca\/International\/a-paris-des-artistes-ivoiriens-sengagent-pour-la-paix\/","title":{"rendered":"\u00c0 Paris, des artistes ivoiriens s\u2019engagent pour la paix"},"content":{"rendered":"<div>\n<p><img decoding=\"async\" width=\"1280\" height=\"826\" src=\"https:\/\/linitiative.ca\/International\/wp-content\/uploads\/sites\/23\/2022\/06\/16546258844010.jpg\" class=\"attachment-post-thumbnail size-post-thumbnail wp-post-image\" alt=\"\" loading=\"lazy\" srcset=\"https:\/\/linitiative.ca\/International\/wp-content\/uploads\/sites\/23\/2022\/06\/16546258844010.jpg 1280w, https:\/\/www.journalducameroun.com\/wp-content\/uploads\/2022\/06\/16546258844010-300x194.jpg 300w, https:\/\/www.journalducameroun.com\/wp-content\/uploads\/2022\/06\/16546258844010-1024x661.jpg 1024w, https:\/\/www.journalducameroun.com\/wp-content\/uploads\/2022\/06\/16546258844010-768x496.jpg 768w, https:\/\/www.journalducameroun.com\/wp-content\/uploads\/2022\/06\/16546258844010-682x440.jpg 682w, https:\/\/www.journalducameroun.com\/wp-content\/uploads\/2022\/06\/16546258844010-600x387.jpg 600w\" sizes=\"auto, (max-width: 1280px) 100vw, 1280px\"><\/p>\n<p>Des t\u00eates d&rsquo;affiche ivoiriennes comme Gadji Celi ont rencontr\u00e9 dans la capitale parisienne Kouadio Konan Bertin, le ministre de la R\u00e9conciliation et de la Coh\u00e9sion nationale.La crise post\u00e9lectorale de 2010-2011 a pouss\u00e9 des acteurs culturels ivoiriens \u00e0 s&rsquo;exiler. Parmi ceux-ci, il y a entre autres Gadji Celi, Serge Kassi, Fran\u00e7ois Kency et Abou Galliet, jug\u00e9s proches de Laurent Gbagbo.<\/p>\n<p>Install\u00e9s en France, ces artistes ont marqu\u00e9 leur \u00ab adh\u00e9sion totale \u00e0 accompagner le processus de r\u00e9conciliation \u00bb initi\u00e9 par le gouvernement du pr\u00e9sident Alassane Ouattara lors d&rsquo;un entretien avec Kouadio Konan Bertin dit KKB, le ministre de la R\u00e9conciliation et de la Coh\u00e9sion nationale.<\/p>\n<p>Convaincus par le discours de KKB, en pr\u00e9sence notamment de Mamadou Tour\u00e9, ministre de la Promotion de la jeunesse, de l&rsquo;Insertion professionnelle et du Service civique, les exil\u00e9s politiques ont ouvert la porte \u00e0 un retour en C\u00f4te d&rsquo;Ivoire.<\/p>\n<p>Le gouvernement ivoirien est dispos\u00e9 \u00e0 faciliter cela pour tous ceux qui le d\u00e9sirent. Fort de ce constat, le Haut-Commissariat des Nations Unies pour les R\u00e9fugi\u00e9s (HCR) compte supprimer, d\u00e8s le 30 juin 2022, le statut des r\u00e9fugi\u00e9s pour les Ivoiriens \u00e0 l&rsquo;\u00e9tranger.<\/p>\n<p>R\u00e9cemment reconduit \u00e0 son poste, Kouadio Konan Bertin a \u00e9galement \u00e9chang\u00e9 avec la communaut\u00e9 ivoirienne de France sur le processus de r\u00e9conciliation en cours dans le pays.<\/p>\n<p>Cet article <a rel=\"nofollow\" href=\"https:\/\/www.journalducameroun.com\/a-paris-des-artistes-ivoiriens-sengagent-pour-la-paix\/\">\u00c0 Paris, des artistes ivoiriens s\u2019engagent pour la paix<\/a> est apparu en premier sur <a rel=\"nofollow\" href=\"https:\/\/www.journalducameroun.com\/\">Journal du Cameroun<\/a>.<\/p>\n<\/div>\n<p>Auteur: APA News<br \/>\n<a href=\"https:\/\/www.journalducameroun.com\/a-paris-des-artistes-ivoiriens-sengagent-pour-la-paix\/\">Cliquez ici pour lire l&rsquo;article depuis sa source.<\/a><\/p>\n","protected":false},"excerpt":{"rendered":"<p>Des t\u00eates d&rsquo;affiche ivoiriennes comme Gadji Celi ont rencontr\u00e9 dans la capitale parisienne Kouadio Konan Bertin, le ministre de la R\u00e9conciliation et de la Coh\u00e9sion nationale.La crise post\u00e9lectorale de 2010-2011 a pouss\u00e9 des acteurs culturels ivoiriens \u00e0 s&rsquo;exiler. Parmi ceux-ci, il y a entre autres Gadji Celi, Serge Kassi, Fran\u00e7ois Kency et Abou Galliet, jug\u00e9s [&hellip;]<\/p>\n","protected":false},"author":1965,"featured_media":0,"comment_status":"closed","ping_status":"closed","sticky":false,"template":"","format":"standard","meta":{"fifu_image_url":"https:\/\/www.journalducameroun.com\/wp-content\/uploads\/2022\/06\/16546258844010.jpg","fifu_image_alt":"\u00c0 Paris, des artistes ivoiriens s\u2019engagent pour la paix","footnotes":""},"categories":[73,82],"tags":[],"class_list":["post-149607","post","type-post","status-publish","format-standard","hentry","category-actualite","category-cameroun"],"_links":{"self":[{"href":"https:\/\/linitiative.ca\/International\/wp-json\/wp\/v2\/posts\/149607","targetHints":{"allow":["GET"]}}],"collection":[{"href":"https:\/\/linitiative.ca\/International\/wp-json\/wp\/v2\/posts"}],"about":[{"href":"https:\/\/linitiative.ca\/International\/wp-json\/wp\/v2\/types\/post"}],"author":[{"embeddable":true,"href":"https:\/\/linitiative.ca\/International\/wp-json\/wp\/v2\/users\/1965"}],"replies":[{"embeddable":true,"href":"https:\/\/linitiative.ca\/International\/wp-json\/wp\/v2\/comments?post=149607"}],"version-history":[{"count":0,"href":"https:\/\/linitiative.ca\/International\/wp-json\/wp\/v2\/posts\/149607\/revisions"}],"wp:attachment":[{"href":"https:\/\/linitiative.ca\/International\/wp-json\/wp\/v2\/media?parent=149607"}],"wp:term":[{"taxonomy":"category","embeddable":true,"href":"https:\/\/linitiative.ca\/International\/wp-json\/wp\/v2\/categories?post=149607"},{"taxonomy":"post_tag","embeddable":true,"href":"https:\/\/linitiative.ca\/International\/wp-json\/wp\/v2\/tags?post=149607"}],"curies":[{"name":"wp","href":"https:\/\/api.w.org\/{rel}","templated":true}]}}