{"id":149609,"date":"2022-06-07T15:18:03","date_gmt":"2022-06-07T19:18:03","guid":{"rendered":"https:\/\/linitiative.ca\/International\/joaquim-chissano-en-visite-privee-au-zimbabwe\/"},"modified":"2022-06-07T15:18:03","modified_gmt":"2022-06-07T19:18:03","slug":"joaquim-chissano-en-visite-privee-au-zimbabwe","status":"publish","type":"post","link":"https:\/\/linitiative.ca\/International\/joaquim-chissano-en-visite-privee-au-zimbabwe\/","title":{"rendered":"Joaquim Chissano en visite priv\u00e9e au Zimbabwe"},"content":{"rendered":"<div>\n<p><img decoding=\"async\" width=\"846\" height=\"607\" src=\"https:\/\/linitiative.ca\/International\/wp-content\/uploads\/sites\/23\/2022\/06\/16546294844718.jpg\" class=\"attachment-post-thumbnail size-post-thumbnail wp-post-image\" alt=\"\" loading=\"lazy\" srcset=\"https:\/\/linitiative.ca\/International\/wp-content\/uploads\/sites\/23\/2022\/06\/16546294844718.jpg 846w, https:\/\/www.journalducameroun.com\/wp-content\/uploads\/2022\/06\/16546294844718-300x215.jpg 300w, https:\/\/www.journalducameroun.com\/wp-content\/uploads\/2022\/06\/16546294844718-768x551.jpg 768w, https:\/\/www.journalducameroun.com\/wp-content\/uploads\/2022\/06\/16546294844718-613x440.jpg 613w, https:\/\/www.journalducameroun.com\/wp-content\/uploads\/2022\/06\/16546294844718-600x430.jpg 600w\" sizes=\"auto, (max-width: 846px) 100vw, 846px\"><\/p>\n<p>L&rsquo;ex-pr\u00e9sident mozambicain s&rsquo;est notamment entretenu avec Emmerson Mnangagwa, le chef de l&rsquo;Etat zimbabw\u00e9en.Pr\u00e9sident du Mozambique de 1986 \u00e0 2005, Joaquim Chissano a effectu\u00e9 une visite de courtoisie au Zimbabwe. Hier lundi, il a discut\u00e9 avec l&rsquo;actuel homme fort d&rsquo;Harar\u00e9, Emmerson Mnangagwa.<\/p>\n<p>\u00ab En ma qualit\u00e9 de pr\u00e9sident de l&rsquo;Association des anciens chefs d&rsquo;Etat, nous avons \u00e9voqu\u00e9 les perspectives de coop\u00e9ration pour le d\u00e9veloppement de nos pays\u00a0\u00bb, a expliqu\u00e9 M. Chissano \u00e0 la presse.<\/p>\n<p>L&rsquo;ancien dirigeant mozambicain, selon ses mots, entretient des relations privil\u00e9gi\u00e9es avec Emmerson Mnangagwa depuis les ann\u00e9es 1970. Il compte ainsi s&rsquo;appuyer sur ces liens pour l&rsquo;entente des deux pays qui partagent avec l&rsquo;Afrique du Sud le Parc du Grand Limpopo, une initiative d&rsquo;\u00e9cotourisme.<\/p>\n<p>Cet article <a rel=\"nofollow\" href=\"https:\/\/www.journalducameroun.com\/joaquim-chissano-en-visite-privee-au-zimbabwe\/\">Joaquim Chissano en visite priv\u00e9e au Zimbabwe<\/a> est apparu en premier sur <a rel=\"nofollow\" href=\"https:\/\/www.journalducameroun.com\/\">Journal du Cameroun<\/a>.<\/p>\n<\/div>\n<p>Auteur: APA News<br \/>\n<a href=\"https:\/\/www.journalducameroun.com\/joaquim-chissano-en-visite-privee-au-zimbabwe\/\">Cliquez ici pour lire l&rsquo;article depuis sa source.<\/a><\/p>\n","protected":false},"excerpt":{"rendered":"<p>L&rsquo;ex-pr\u00e9sident mozambicain s&rsquo;est notamment entretenu avec Emmerson Mnangagwa, le chef de l&rsquo;Etat zimbabw\u00e9en.Pr\u00e9sident du Mozambique de 1986 \u00e0 2005, Joaquim Chissano a effectu\u00e9 une visite de courtoisie au Zimbabwe. Hier lundi, il a discut\u00e9 avec l&rsquo;actuel homme fort d&rsquo;Harar\u00e9, Emmerson Mnangagwa. \u00ab En ma qualit\u00e9 de pr\u00e9sident de l&rsquo;Association des anciens chefs d&rsquo;Etat, nous avons [&hellip;]<\/p>\n","protected":false},"author":1965,"featured_media":0,"comment_status":"closed","ping_status":"closed","sticky":false,"template":"","format":"standard","meta":{"fifu_image_url":"https:\/\/www.journalducameroun.com\/wp-content\/uploads\/2022\/06\/16546294844718.jpg","fifu_image_alt":"Joaquim Chissano en visite priv\u00e9e au Zimbabwe","footnotes":""},"categories":[73,82],"tags":[],"class_list":["post-149609","post","type-post","status-publish","format-standard","hentry","category-actualite","category-cameroun"],"_links":{"self":[{"href":"https:\/\/linitiative.ca\/International\/wp-json\/wp\/v2\/posts\/149609","targetHints":{"allow":["GET"]}}],"collection":[{"href":"https:\/\/linitiative.ca\/International\/wp-json\/wp\/v2\/posts"}],"about":[{"href":"https:\/\/linitiative.ca\/International\/wp-json\/wp\/v2\/types\/post"}],"author":[{"embeddable":true,"href":"https:\/\/linitiative.ca\/International\/wp-json\/wp\/v2\/users\/1965"}],"replies":[{"embeddable":true,"href":"https:\/\/linitiative.ca\/International\/wp-json\/wp\/v2\/comments?post=149609"}],"version-history":[{"count":0,"href":"https:\/\/linitiative.ca\/International\/wp-json\/wp\/v2\/posts\/149609\/revisions"}],"wp:attachment":[{"href":"https:\/\/linitiative.ca\/International\/wp-json\/wp\/v2\/media?parent=149609"}],"wp:term":[{"taxonomy":"category","embeddable":true,"href":"https:\/\/linitiative.ca\/International\/wp-json\/wp\/v2\/categories?post=149609"},{"taxonomy":"post_tag","embeddable":true,"href":"https:\/\/linitiative.ca\/International\/wp-json\/wp\/v2\/tags?post=149609"}],"curies":[{"name":"wp","href":"https:\/\/api.w.org\/{rel}","templated":true}]}}