{"id":149611,"date":"2022-06-07T17:18:03","date_gmt":"2022-06-07T21:18:03","guid":{"rendered":"https:\/\/linitiative.ca\/International\/ua-la-retraite-du-comite-des-15-ministres-des-finances-les-13-et-14-juin-au-maroc\/"},"modified":"2022-06-07T17:18:03","modified_gmt":"2022-06-07T21:18:03","slug":"ua-la-retraite-du-comite-des-15-ministres-des-finances-les-13-et-14-juin-au-maroc","status":"publish","type":"post","link":"https:\/\/linitiative.ca\/International\/ua-la-retraite-du-comite-des-15-ministres-des-finances-les-13-et-14-juin-au-maroc\/","title":{"rendered":"UA: La Retraite du Comit\u00e9 des 15 ministres des Finances les 13 et 14 juin au Maroc"},"content":{"rendered":"<div>\n<p><img decoding=\"async\" width=\"508\" height=\"300\" src=\"https:\/\/linitiative.ca\/International\/wp-content\/uploads\/sites\/23\/2022\/06\/16546366839762.jpg\" class=\"attachment-post-thumbnail size-post-thumbnail wp-post-image\" alt=\"\" loading=\"lazy\" srcset=\"https:\/\/linitiative.ca\/International\/wp-content\/uploads\/sites\/23\/2022\/06\/16546366839762.jpg 508w, https:\/\/www.journalducameroun.com\/wp-content\/uploads\/2022\/06\/16546366839762-300x177.jpg 300w\" sizes=\"auto, (max-width: 508px) 100vw, 508px\"><\/p>\n<p>La Retraite du Comit\u00e9 des quinze ministres des Finances de l&rsquo;Union africaine (F15) se tiendra du 13 au 14 juin courant au Maroc, a-t-on annonc\u00e9 mardi au si\u00e8ge de l&rsquo;organisation panafricaine \u00e0 Addis-Abeba.<\/p>\n<p>L&rsquo;accord du pays h\u00f4te relatif \u00e0 l&rsquo;organisation de cette Retraite a \u00e9t\u00e9 sign\u00e9, mardi, au si\u00e8ge de l&rsquo;Union africaine par la Vice-Pr\u00e9sidente de la Commission de l&rsquo;UA, Mme Monique Nsanzabaganwa, et l&rsquo;Ambassadeur Repr\u00e9sentant Permanent du Royaume aupr\u00e8s de l&rsquo;UA et de la CEA-ONU, Mohamed Arrouchi.<\/p>\n<p>La Retraite du Comit\u00e9 F15 connaitra la participation, entre autres, des ministres des finances des \u00c9tats membres de l&rsquo;UA constituant le Comit\u00e9, du Commissaire au d\u00e9veloppement \u00e9conomique, commerce, industrie et Exploitation mini\u00e8re de l&rsquo;UA, des experts des minist\u00e8res des Finances du Comit\u00e9, des repr\u00e9sentants permanents, ainsi que des repr\u00e9sentants de la Commission de l&rsquo;UA et de l&rsquo;Initiative africaine concert\u00e9e sur la r\u00e9forme budg\u00e9taire.<\/p>\n<p>Cet article <a rel=\"nofollow\" href=\"https:\/\/www.journalducameroun.com\/ua-la-retraite-du-comite-des-15-ministres-des-finances-les-13-et-14-juin-au-maroc\/\">UA: La Retraite du Comit\u00e9 des 15 ministres des Finances les 13 et 14 juin au Maroc<\/a> est apparu en premier sur <a rel=\"nofollow\" href=\"https:\/\/www.journalducameroun.com\/\">Journal du Cameroun<\/a>.<\/p>\n<\/div>\n<p>Auteur: APA News<br \/>\n<a href=\"https:\/\/www.journalducameroun.com\/ua-la-retraite-du-comite-des-15-ministres-des-finances-les-13-et-14-juin-au-maroc\/\">Cliquez ici pour lire l&rsquo;article depuis sa source.<\/a><\/p>\n","protected":false},"excerpt":{"rendered":"<p>La Retraite du Comit\u00e9 des quinze ministres des Finances de l&rsquo;Union africaine (F15) se tiendra du 13 au 14 juin courant au Maroc, a-t-on annonc\u00e9 mardi au si\u00e8ge de l&rsquo;organisation panafricaine \u00e0 Addis-Abeba. L&rsquo;accord du pays h\u00f4te relatif \u00e0 l&rsquo;organisation de cette Retraite a \u00e9t\u00e9 sign\u00e9, mardi, au si\u00e8ge de l&rsquo;Union africaine par la Vice-Pr\u00e9sidente [&hellip;]<\/p>\n","protected":false},"author":1965,"featured_media":0,"comment_status":"closed","ping_status":"closed","sticky":false,"template":"","format":"standard","meta":{"fifu_image_url":"https:\/\/www.journalducameroun.com\/wp-content\/uploads\/2022\/06\/16546366839762.jpg","fifu_image_alt":"UA: La Retraite du Comit\u00e9 des 15 ministres des Finances les 13 et 14 juin au Maroc","footnotes":""},"categories":[73,82],"tags":[],"class_list":["post-149611","post","type-post","status-publish","format-standard","hentry","category-actualite","category-cameroun"],"_links":{"self":[{"href":"https:\/\/linitiative.ca\/International\/wp-json\/wp\/v2\/posts\/149611","targetHints":{"allow":["GET"]}}],"collection":[{"href":"https:\/\/linitiative.ca\/International\/wp-json\/wp\/v2\/posts"}],"about":[{"href":"https:\/\/linitiative.ca\/International\/wp-json\/wp\/v2\/types\/post"}],"author":[{"embeddable":true,"href":"https:\/\/linitiative.ca\/International\/wp-json\/wp\/v2\/users\/1965"}],"replies":[{"embeddable":true,"href":"https:\/\/linitiative.ca\/International\/wp-json\/wp\/v2\/comments?post=149611"}],"version-history":[{"count":0,"href":"https:\/\/linitiative.ca\/International\/wp-json\/wp\/v2\/posts\/149611\/revisions"}],"wp:attachment":[{"href":"https:\/\/linitiative.ca\/International\/wp-json\/wp\/v2\/media?parent=149611"}],"wp:term":[{"taxonomy":"category","embeddable":true,"href":"https:\/\/linitiative.ca\/International\/wp-json\/wp\/v2\/categories?post=149611"},{"taxonomy":"post_tag","embeddable":true,"href":"https:\/\/linitiative.ca\/International\/wp-json\/wp\/v2\/tags?post=149611"}],"curies":[{"name":"wp","href":"https:\/\/api.w.org\/{rel}","templated":true}]}}