{"id":149613,"date":"2022-06-07T17:18:03","date_gmt":"2022-06-07T21:18:03","guid":{"rendered":"https:\/\/linitiative.ca\/International\/maroc-le-togo-annonce-louverture-prochaine-dun-consulat-general-a-dakhla\/"},"modified":"2022-06-07T17:18:03","modified_gmt":"2022-06-07T21:18:03","slug":"maroc-le-togo-annonce-louverture-prochaine-dun-consulat-general-a-dakhla","status":"publish","type":"post","link":"https:\/\/linitiative.ca\/International\/maroc-le-togo-annonce-louverture-prochaine-dun-consulat-general-a-dakhla\/","title":{"rendered":"Maroc : Le Togo annonce l\u2019ouverture prochaine d\u2019un consulat g\u00e9n\u00e9ral \u00e0 Dakhla"},"content":{"rendered":"<div>\n<p><img decoding=\"async\" width=\"1599\" height=\"1066\" src=\"https:\/\/linitiative.ca\/International\/wp-content\/uploads\/sites\/23\/2022\/06\/16546366838431.jpg\" class=\"attachment-post-thumbnail size-post-thumbnail wp-post-image\" alt=\"\" loading=\"lazy\" srcset=\"https:\/\/linitiative.ca\/International\/wp-content\/uploads\/sites\/23\/2022\/06\/16546366838431.jpg 1599w, https:\/\/www.journalducameroun.com\/wp-content\/uploads\/2022\/06\/16546366838431-300x200.jpg 300w, https:\/\/www.journalducameroun.com\/wp-content\/uploads\/2022\/06\/16546366838431-1024x683.jpg 1024w, https:\/\/www.journalducameroun.com\/wp-content\/uploads\/2022\/06\/16546366838431-768x512.jpg 768w, https:\/\/www.journalducameroun.com\/wp-content\/uploads\/2022\/06\/16546366838431-1536x1024.jpg 1536w, https:\/\/www.journalducameroun.com\/wp-content\/uploads\/2022\/06\/16546366838431-660x440.jpg 660w, https:\/\/www.journalducameroun.com\/wp-content\/uploads\/2022\/06\/16546366838431-600x400.jpg 600w\" sizes=\"auto, (max-width: 1599px) 100vw, 1599px\"><\/p>\n<p>Le ministre togolais des Affaires \u00e9trang\u00e8res, de l&rsquo;Int\u00e9gration africaine et des Togolais de l&rsquo;Ext\u00e9rieur, Robert Dussey, a annonc\u00e9, mardi \u00e0 Rabat, l&rsquo;ouverture prochaine d&rsquo;un consulat g\u00e9n\u00e9ral de son pays \u00e0 Dakhla, dans les provinces du sud du Maroc.Cette annonce a \u00e9t\u00e9 faite lors d&rsquo;un point de presse conjoint avec son homologue marocain, Nasser Bourita, \u00e0 l&rsquo;issue de leur rencontre en marge de la participation du chef de la diplomatie togolaise \u00e0 la premi\u00e8re r\u00e9union minist\u00e9rielle des Etats africains atlantiques.<\/p>\n<p>A l&rsquo;issue de cette rencontre, les deux ministres ont publi\u00e9 une d\u00e9claration conjointe dans laquelle ils se sont f\u00e9licit\u00e9s de l&rsquo;excellence des liens d&rsquo;amiti\u00e9 et de solidarit\u00e9 existant entre les deux pays.<\/p>\n<p>S&rsquo;agissant de la question du Sahara marocain, le ministre togolais a rappel\u00e9 le soutien de son pays \u00e0 l&rsquo;int\u00e9grit\u00e9 territoriale du Maroc et salu\u00e9 \u00ab les efforts de l&rsquo;ONU comme cadre exclusif pour parvenir \u00e0 une solution r\u00e9aliste, pratique et durable au diff\u00e9rend autour du Sahara \u00bb, lit-on dans le communiqu\u00e9 conjoint.<\/p>\n<p>Dans ce sillage, le Togo affirme son \u00ab\u00a0appui \u00e0 l&rsquo;Initiative du Plan d&rsquo;autonomie pr\u00e9sent\u00e9e par le Royaume\u00a0\u00bb et qui constitue \u00ab\u00a0la seule et unique solution cr\u00e9dible et r\u00e9aliste \u00e0 la r\u00e9solution de ce diff\u00e9rend\u00a0\u00bb et exprime son \u00ab\u00a0appui \u00e0 la recherche d&rsquo;une solution durable qui pr\u00e9serve l&rsquo;int\u00e9grit\u00e9 territoriale, l&rsquo;unit\u00e9 et la souverainet\u00e9 du Maroc, sous l&rsquo;\u00e9gide exclusive de l&rsquo;ONU et dans le respect de la d\u00e9cision 693 du Sommet des Chefs d&rsquo;Etat et de Gouvernement de l&rsquo;Union Africaine de juillet 2018\u00a0\u00bb.<\/p>\n<p>Les deux ministres ont insist\u00e9 sur l&rsquo;imp\u00e9ratif du \u00ab\u00a0respect des normes et proc\u00e9dures au sein des organes de l&rsquo;Union Africaine, et \u00a0r\u00e9affirm\u00e9 la pertinence de la d\u00e9cision 693 du Sommet des Chefs d&rsquo;Etat et de Gouvernement de l&rsquo;Union Africaine de Juillet 2018, qui a consacr\u00e9 l&rsquo;exclusivit\u00e9 de l&rsquo;ONU en tant que cadre pour la recherche d&rsquo;une solution au conflit r\u00e9gional autour du Sahara marocain\u00a0\u00bb.<\/p>\n<p>En ce qui concerne la coop\u00e9ration maroco-togolaise, les deux ministres se sont r\u00e9jouis de l&rsquo;ouverture de l&rsquo;Ambassade du Royaume du Maroc \u00e0 Lom\u00e9 en octobre 2021 et la nomination du Chef de la Mission Diplomatique marocaine en avril 2022.<\/p>\n<p>Ils ont \u00e9galement r\u00e9affirm\u00e9 leur \u00ab\u00a0ferme volont\u00e9 de tout mettre en \u0153uvre en vue de raffermir davantage leurs relations, d&rsquo;intensifier et de diversifier leur coop\u00e9ration dans tous les secteurs porteurs\u00a0\u00bb.<\/p>\n<p>Les deux ministres ont convenu de \u00ab\u00a0renforcer davantage la coop\u00e9ration Sud-Sud ambitieuse \u00e0 travers un partenariat englobant les domaines d&rsquo;int\u00e9r\u00eat commun. Ce partenariat doit \u00e9galement s&rsquo;appuyer sur l&rsquo;\u00e9change d&rsquo;exp\u00e9riences ainsi que sur une politique plus volontariste des hommes d&rsquo;affaires des deux pays\u00a0\u00bb.<\/p>\n<p>Sur le plan \u00e9conomique, les deux parties ont soulign\u00e9 que le volume des \u00e9changes commerciaux reste en de\u00e7\u00e0 de l&rsquo;excellence des relations politiques et ont appel\u00e9 \u00e0 les dynamiser davantage, notamment, avec des importations marocaines compos\u00e9es de combustibles min\u00e9raux, de caf\u00e9, du coton, des fruits tropicaux, entre autres, et essentiellement des exportations d&rsquo;engrais, de produits alimentaires, de papier et de c\u00e2bles \u00e9lectriques.<\/p>\n<p>Sur le plan des investissements, les deux ministres se sont r\u00e9jouis de la pr\u00e9sence du Maroc au Togo \u00e0 travers des investissements dans le secteur bancaire via l&rsquo;implantation des filiales d&rsquo;Attijariwafabank, de la banque Populaire et de Bank of Africa. A cet effet, les deux parties ont d\u00e9cid\u00e9 de multiplier les missions d&rsquo;Hommes d&rsquo;Affaires pour prospecter d&rsquo;autres opportunit\u00e9s de commerce et d&rsquo;investissement et de cr\u00e9er un Conseil d&rsquo;Affaires maroco-togolais.<\/p>\n<p>Les deux parties ont convenu de tenir \u00e0 Rabat, dans les meilleurs d\u00e9lais possibles, la premi\u00e8re session de la Commission mixte de coop\u00e9ration maroco-togolaise, \u00e0 une date qui sera arr\u00eat\u00e9e d&rsquo;un commun accord par voie diplomatique.<\/p>\n<p>Cet article <a rel=\"nofollow\" href=\"https:\/\/www.journalducameroun.com\/maroc-le-togo-annonce-louverture-prochaine-dun-consulat-general-a-dakhla\/\">Maroc : Le Togo annonce l\u2019ouverture prochaine d\u2019un consulat g\u00e9n\u00e9ral \u00e0 Dakhla<\/a> est apparu en premier sur <a rel=\"nofollow\" href=\"https:\/\/www.journalducameroun.com\/\">Journal du Cameroun<\/a>.<\/p>\n<\/div>\n<p>Auteur: APA News<br \/>\n<a href=\"https:\/\/www.journalducameroun.com\/maroc-le-togo-annonce-louverture-prochaine-dun-consulat-general-a-dakhla\/\">Cliquez ici pour lire l&rsquo;article depuis sa source.<\/a><\/p>\n","protected":false},"excerpt":{"rendered":"<p>Le ministre togolais des Affaires \u00e9trang\u00e8res, de l&rsquo;Int\u00e9gration africaine et des Togolais de l&rsquo;Ext\u00e9rieur, Robert Dussey, a annonc\u00e9, mardi \u00e0 Rabat, l&rsquo;ouverture prochaine d&rsquo;un consulat g\u00e9n\u00e9ral de son pays \u00e0 Dakhla, dans les provinces du sud du Maroc.Cette annonce a \u00e9t\u00e9 faite lors d&rsquo;un point de presse conjoint avec son homologue marocain, Nasser Bourita, \u00e0 [&hellip;]<\/p>\n","protected":false},"author":1965,"featured_media":0,"comment_status":"closed","ping_status":"closed","sticky":false,"template":"","format":"standard","meta":{"fifu_image_url":"https:\/\/www.journalducameroun.com\/wp-content\/uploads\/2022\/06\/16546366838431.jpg","fifu_image_alt":"Maroc : Le Togo annonce l\u2019ouverture prochaine d\u2019un consulat g\u00e9n\u00e9ral \u00e0 Dakhla","footnotes":""},"categories":[73,82],"tags":[],"class_list":["post-149613","post","type-post","status-publish","format-standard","hentry","category-actualite","category-cameroun"],"_links":{"self":[{"href":"https:\/\/linitiative.ca\/International\/wp-json\/wp\/v2\/posts\/149613","targetHints":{"allow":["GET"]}}],"collection":[{"href":"https:\/\/linitiative.ca\/International\/wp-json\/wp\/v2\/posts"}],"about":[{"href":"https:\/\/linitiative.ca\/International\/wp-json\/wp\/v2\/types\/post"}],"author":[{"embeddable":true,"href":"https:\/\/linitiative.ca\/International\/wp-json\/wp\/v2\/users\/1965"}],"replies":[{"embeddable":true,"href":"https:\/\/linitiative.ca\/International\/wp-json\/wp\/v2\/comments?post=149613"}],"version-history":[{"count":0,"href":"https:\/\/linitiative.ca\/International\/wp-json\/wp\/v2\/posts\/149613\/revisions"}],"wp:attachment":[{"href":"https:\/\/linitiative.ca\/International\/wp-json\/wp\/v2\/media?parent=149613"}],"wp:term":[{"taxonomy":"category","embeddable":true,"href":"https:\/\/linitiative.ca\/International\/wp-json\/wp\/v2\/categories?post=149613"},{"taxonomy":"post_tag","embeddable":true,"href":"https:\/\/linitiative.ca\/International\/wp-json\/wp\/v2\/tags?post=149613"}],"curies":[{"name":"wp","href":"https:\/\/api.w.org\/{rel}","templated":true}]}}