{"id":149615,"date":"2022-06-07T07:25:44","date_gmt":"2022-06-07T11:25:44","guid":{"rendered":"https:\/\/linitiative.ca\/International\/qui-est-salihou-sadou-le-nouveau-dg-du-cename\/"},"modified":"2022-06-07T07:25:44","modified_gmt":"2022-06-07T11:25:44","slug":"qui-est-salihou-sadou-le-nouveau-dg-du-cename","status":"publish","type":"post","link":"https:\/\/linitiative.ca\/International\/qui-est-salihou-sadou-le-nouveau-dg-du-cename\/","title":{"rendered":"Qui est Salihou Sadou le nouveau Dg du Cename"},"content":{"rendered":"<div>\n<p>Salihou Sadou est le nouveau directeur g\u00e9n\u00e9ral de la Centrale Nationale d\u2019Approvisionnement en M\u00e9dicaments et Consommables M\u00e9dicaux Essentiels(Cename). Il a \u00e9t\u00e9 port\u00e9 \u00e0 ce poste par un\u00a0\u00a0d\u00e9cret du pr\u00e9sident de la R\u00e9publique sign\u00e9 le 06 juin 2022. Il remplace \u00e0 cette fonction Vandi Deli qui occupait ce fauteuil depuis septembre 2020.<\/p>\n<p><strong>Lire aussi : <a href=\"https:\/\/ecomatin.net\/de-nouveaux-dirigeants-a-la-cename\/\" target=\"_blank\" rel=\"noreferrer noopener\">De nouveaux dirigeants \u00e0 la Cename<\/a><\/strong><\/p>\n<p>Dipl\u00f4m\u00e9 de l\u2019universit\u00e9 de Ouagadougou au Burkina Faso en approvisionnement pharmaceutique (DIU\/GAPH)avec mention assez bien. Le natif du Nord h\u00e9rite d\u2019une structure qui a cl\u00f4tur\u00e9 l\u2019exercice 2020 par un exc\u00e8dent budg\u00e9taire de 112 millions, r\u00e9sultant d\u2019un report de l\u2019exercice 2019, qui repr\u00e9sentaient\u00a0\u00a09% des \u00e9missions. En ce qui concerne son activit\u00e9 de vente des produits pharmaceutique et consommables m\u00e9dicaux essentiels, qui repr\u00e9sentaient 38%\u00a0\u00a0de son chiffre d\u2019affaires en 2019,\u00a0\u00a0elle a baiss\u00e9 de 58,34% en 2020 en raison des difficult\u00e9s de recouvrement des cr\u00e9ances (11,8 milliards) sur les clients au 31 d\u00e9cembre 2020. Dans le m\u00eame sillage de l\u2019analyse de ses\u00a0\u00a0donn\u00e9es financi\u00e8re. En 2020 la Cename est redevable d\u2019une dette de 9 milliards constitu\u00e9e d\u2019une dette fournisseurs 8,2 milliards, dette fiscale 448 millions, dette sociale 75 millions et d\u2019autres dettes \u00e0 hauteur de 1,1 milliard.<\/p>\n<p><strong>Lire aussi : <a href=\"https:\/\/ecomatin.net\/gestion-du-fonds-covid-19-accuse-de-malversations-le-minresi-developpe-ses-arguments-de-defense\/\" target=\"_blank\" rel=\"noreferrer noopener\">Gestion du fonds Covid-19 : accus\u00e9 de malversations, le Minresi d\u00e9veloppe ses arguments de d\u00e9fense<\/a><\/strong><\/p>\n<p>En termes de d\u00e9fis, Salihou Sadou devrait mettre en place une politique\u00a0\u00a0de production nationale en m\u00e9dicament. En effet, la Cename, dispose d\u2019un \u00e9norme\u00a0\u00a0potentiel qui devrait lui permettre de satisfaire les commandes de ses clients de pr\u00e8s de 80% selon le rapport 2020 de la CRT. Cependant, son environnement marqu\u00e9 par une forte concurrence des entreprises priv\u00e9es d\u2019une part et d\u2019autres la r\u00e9ticence des fournisseurs \u00e0 r\u00e9pondre aux sollicitations de la centrale de production, entrainent une couverture de la production nationale en m\u00e9dicament par cette derni\u00e8re de moins de 5% de la demande domestique, estim\u00e9e \u00e0 200 milliards de Fcfa par an.\u00a0\u00a0Un autre pan sur lequel le nouveau promu devrait s\u2019attarder c\u2019est sur la tenue \u00e0\u00a0\u00a0temps de sessions de comptes, \u00ab on observe une r\u00e9currence dans la tenue\u00a0\u00a0hors d\u00e9lais des sessions de comptes et l\u2019inexistences d\u2019un cadre strat\u00e9gie\u00a0\u00a0de suivi des performances, notamment les comit\u00e9s sp\u00e9cialis\u00e9s\u00a0\u00bb, indique le rapport 2020 de la CRT.<\/p>\n<p>\u00a0<strong>Parcours professionnel<\/strong><\/p>\n<p>Sur les traces de son parcours, on apprendra que de 2014 \u00e0 2015, il\u00a0\u00a0a \u00e9t\u00e9\u00a0\u00a0inspecteur des services pharmaceutiques et laboratoires au\u00a0\u00a0minist\u00e8re de la sant\u00e9 publique.\u00a0\u00a0A ce poste, il a \u00e9t\u00e9\u00a0\u00a0la charge de\u00a0\u00a0l\u2019inspection des structures pharmaceutiques et laboratoires biologiques (publiques-priv\u00e9es), de la supervision des structures de sant\u00e9 (h\u00f4pitaux et autres formations sanitaires du pays), d\u2019enqu\u00eater\u00a0\u00a0sur infractions commises par les professionnels de sant\u00e9 et le suivi des recommandations de sanctions \u00e0 appliquer. Plus tard soit en 2020, il sera affect\u00e9 \u00e0 la direction de la Pharmacie du M\u00e9dicament et des Laboratoires (Dpml), o\u00f9 il occupera le poste de\u00a0\u00a0directeur en remplacement toujours de sieur Vandi Deli.<\/p>\n<p><strong>Lire aussi : <a href=\"https:\/\/ecomatin.net\/gestion-des-fonds-covid-19-ce-quee-la-chambre-des-comptes-reproche-au-minsante-et-au-minresi\/\" target=\"_blank\" rel=\"noreferrer noopener\">Gestion des fonds covid-19 : ce que la chambre des comptes reproche au Minsant\u00e9 et au Minresi<\/a><\/strong><\/p>\n<p>Rappelons que la Centrale nationale d\u2019approvisionnement en m\u00e9dicaments et consommable m\u00e9dicaux essentiels, voit le jour en 2005 avec le d\u00e9cret n\u00b02005\/252 du 30 juin 2005 portant cr\u00e9ation, organisation et fonctionnement de la Cename. Elle sera r\u00e9organis\u00e9e plus tard par d\u00e9cret pr\u00e9sidentiel le 20 septembre 2020. La Cename a pour mission de contribuer \u00e0 la mise en \u0153uvre de la politique pharmaceutique nationale en mati\u00e8re d\u2019approvisionnement et dispositifs m\u00e9dicaux essentiels.<\/p>\n<p>L\u2019article <a rel=\"nofollow\" href=\"https:\/\/ecomatin.net\/qui-est-salihou-sadou-est-t-le-nouveau-dg-du-cename2\/\">Qui est Salihou Sadou le nouveau Dg du Cename<\/a> est apparu en premier sur <a rel=\"nofollow\" href=\"https:\/\/ecomatin.net\/\">EcoMatin<\/a>.<\/p>\n<\/div>\n<p>Auteur: Amina MALLOUM<br \/>\n<a href=\"https:\/\/ecomatin.net\/qui-est-salihou-sadou-est-t-le-nouveau-dg-du-cename2\/\">Cliquez ici pour lire l&rsquo;article depuis sa source.<\/a><\/p>\n","protected":false},"excerpt":{"rendered":"<p>Salihou Sadou est le nouveau directeur g\u00e9n\u00e9ral de la Centrale Nationale d\u2019Approvisionnement en M\u00e9dicaments et Consommables M\u00e9dicaux Essentiels(Cename). Il a \u00e9t\u00e9 port\u00e9 \u00e0 ce poste par un\u00a0\u00a0d\u00e9cret du pr\u00e9sident de la R\u00e9publique sign\u00e9 le 06 juin 2022. Il remplace \u00e0 cette fonction Vandi Deli qui occupait ce fauteuil depuis septembre 2020. Lire aussi : De [&hellip;]<\/p>\n","protected":false},"author":1969,"featured_media":0,"comment_status":"closed","ping_status":"closed","sticky":false,"template":"","format":"standard","meta":{"fifu_image_url":"","fifu_image_alt":"","footnotes":""},"categories":[82,78],"tags":[],"class_list":["post-149615","post","type-post","status-publish","format-standard","hentry","category-cameroun","category-economie"],"_links":{"self":[{"href":"https:\/\/linitiative.ca\/International\/wp-json\/wp\/v2\/posts\/149615","targetHints":{"allow":["GET"]}}],"collection":[{"href":"https:\/\/linitiative.ca\/International\/wp-json\/wp\/v2\/posts"}],"about":[{"href":"https:\/\/linitiative.ca\/International\/wp-json\/wp\/v2\/types\/post"}],"author":[{"embeddable":true,"href":"https:\/\/linitiative.ca\/International\/wp-json\/wp\/v2\/users\/1969"}],"replies":[{"embeddable":true,"href":"https:\/\/linitiative.ca\/International\/wp-json\/wp\/v2\/comments?post=149615"}],"version-history":[{"count":0,"href":"https:\/\/linitiative.ca\/International\/wp-json\/wp\/v2\/posts\/149615\/revisions"}],"wp:attachment":[{"href":"https:\/\/linitiative.ca\/International\/wp-json\/wp\/v2\/media?parent=149615"}],"wp:term":[{"taxonomy":"category","embeddable":true,"href":"https:\/\/linitiative.ca\/International\/wp-json\/wp\/v2\/categories?post=149615"},{"taxonomy":"post_tag","embeddable":true,"href":"https:\/\/linitiative.ca\/International\/wp-json\/wp\/v2\/tags?post=149615"}],"curies":[{"name":"wp","href":"https:\/\/api.w.org\/{rel}","templated":true}]}}