{"id":149617,"date":"2022-06-08T07:12:31","date_gmt":"2022-06-08T11:12:31","guid":{"rendered":"https:\/\/linitiative.ca\/International\/le-marche-du-neuf-en-baisse-de-1323\/"},"modified":"2022-06-08T07:12:31","modified_gmt":"2022-06-08T11:12:31","slug":"le-marche-du-neuf-en-baisse-de-1323","status":"publish","type":"post","link":"https:\/\/linitiative.ca\/International\/le-marche-du-neuf-en-baisse-de-1323\/","title":{"rendered":"Le march\u00e9 du neuf en baisse de 13,23%"},"content":{"rendered":"<div>\n<p><img decoding=\"async\" width=\"300\" height=\"153\" src=\"https:\/\/linitiative.ca\/International\/wp-content\/uploads\/sites\/23\/2022\/06\/MarcheCC81-automobile-europeCC81en-300x153-1.jpg\" class=\"attachment-medium size-medium wp-post-image\" alt=\"\" loading=\"lazy\" srcset=\"https:\/\/linitiative.ca\/International\/wp-content\/uploads\/sites\/23\/2022\/06\/MarcheCC81-automobile-europeCC81en-300x153-1.jpg 300w, https:\/\/aujourdhui.ma\/wp-content\/uploads\/2020\/06\/Marche\u0301-automobile-europe\u0301en-274x140.jpg 274w, https:\/\/aujourdhui.ma\/wp-content\/uploads\/2020\/06\/Marche\u0301-automobile-europe\u0301en.jpg 746w, https:\/\/aujourdhui.ma\/wp-content\/uploads\/2020\/06\/Marche\u0301-automobile-europe\u0301en-165x84.jpg 165w, https:\/\/aujourdhui.ma\/wp-content\/uploads\/2020\/06\/Marche\u0301-automobile-europe\u0301en-702x358.jpg 702w\" sizes=\"auto, (max-width: 300px) 100vw, 300px\"><\/p>\n<p><span style=\"color: #800000;\"><strong>Selon les statistiques de l\u2019AIVAM du mois de mai 2022<\/strong><\/span><span id=\"more-410111\"><\/span><\/p>\n<p>Le march\u00e9 de l\u2019automobile a connu de grands bouleversements depuis le d\u00e9but de la crise sanitaire. La p\u00e9nurie des semi-conducteurs s\u2019est ajout\u00e9e au choc qu\u2019a subi le secteur lors de ces derniers mois. Malgr\u00e9 les quelques signes de reprise post-crise, la situation ne semble pas s\u2019arranger. En effet, la tendance baissi\u00e8re des ventes persiste durant l\u2019ann\u00e9e 2022. Au seul mois de mai 2022, les ventes de voitures enregistrent un recul de 13,23% avec 13.096 unit\u00e9s \u00e9coul\u00e9es contre 15.093 durant la m\u00eame p\u00e9riode en 2021. En se r\u00e9f\u00e9rant aux statistiques de l\u2019Association de importateurs de v\u00e9hicules au Maroc (AIVAM), cette baisse touche plus significativement les v\u00e9hicules utilitaires l\u00e9gers (VUL) (-36,46%) avec 1.241 ventes r\u00e9alis\u00e9es au mois de mai 2022 contre 1.953 \u00e0 la m\u00eame date de l\u2019ann\u00e9e derni\u00e8re. Du c\u00f4t\u00e9 des v\u00e9hicules particuliers (VP), les ventes sont en diminution de 9,78% par rapport \u00e0 mai 2021.<\/p>\n<p>Durant les cinq premiers mois de l\u2019ann\u00e9e 2022, on compte 67.008 unit\u00e9s qui ont \u00e9t\u00e9 vendues contre 74.049 \u00e0 la m\u00eame p\u00e9riode en 2021 enregistrant ainsi une baisse de 9,51%. Par segment, les VUL affichent un recul de 19,7% des ventes par rapport aux cinq premiers mois de l\u2019ann\u00e9e 2021. Ainsi, le nombre d\u2019unit\u00e9s \u00e9coul\u00e9es est de 7.005 \u00e0 fin mai 2022 contre 8.724 \u00e0 la m\u00eame date en 2021. Concernant les VP, on notera que 60.003 immatriculations ont \u00e9t\u00e9 enregistr\u00e9es durant les cinq premiers mois de l\u2019ann\u00e9e 2022 contre 65.352 \u00e0 fin mai 2021, en r\u00e9gression de 8,15%. Par marque, la premi\u00e8re place du top 3 des meilleures ventes VP durant les cinq premiers mois de l\u2019ann\u00e9e en cours revient \u00e0 l\u2019ind\u00e9tr\u00f4nable Dacia avec 15.979 unit\u00e9s \u00e9coul\u00e9es et une part de march\u00e9 de 26,63%.<\/p>\n<p>Le constructeur franco-roumain affiche toutefois une diminution de 15,37% de ses ventes dans ce segment. En deuxi\u00e8me place, on retrouve la marque Renault qui a vendu durant les cinq premiers mois de 2022, 8.311 v\u00e9hicules particuliers r\u00e9alisant une baisse de 5,71% par rapport \u00e0 la m\u00eame p\u00e9riode de l\u2019ann\u00e9e derni\u00e8re. Renault a une part de march\u00e9 de 13,85%. La troisi\u00e8me position est occup\u00e9e par Hyundai qui sort du lot avec 6.379 v\u00e9hicules particuliers vendus, en hausse de 21,69%. La marque cor\u00e9enne a une part de march\u00e9 de 10,63%. Dans ce classement, SEAT, Suzuki, Kia ont r\u00e9alis\u00e9 de belles performances avec des croissances respectives de ventes de 285,63%, 160%, 49% et 41,06%. Pour ce qui est du premium, Audi arrive en t\u00eate avec 1.815 ventes VP r\u00e9alis\u00e9es durant les cinq premiers mois de 2022, en croissance de 17,55% par rapport \u00e0 la m\u00eame date de l\u2019ann\u00e9e pass\u00e9e. Audi occupe une part de march\u00e9 de 3,02%.<\/p>\n<p>La deuxi\u00e8me marche du podium revient \u00e0 BMW avec 1.177 ventes \u00e0 fin mai 2022, en recul de 17,46%. BMW a une part de march\u00e9 de 1,96%. Elle est suivie de tr\u00e8s pr\u00e8s par sa cons\u0153ur Mercedes qui a vendu au cours des cinq premiers mois de l\u2019ann\u00e9e 2022, 1.159 unit\u00e9s affichant dans ce sens une diminution de 2,28%. Mercedes a une part de march\u00e9 de 2,28%.<\/p>\n<\/div>\n<p>Auteur: ALM<br \/>\n<a href=\"https:\/\/aujourdhui.ma\/automobile\/le-marche-du-neuf-en-baisse-de-1323\">Cliquez ici pour lire l&rsquo;article depuis sa source.<\/a><\/p>\n","protected":false},"excerpt":{"rendered":"<p>Selon les statistiques de l\u2019AIVAM du mois de mai 2022 Le march\u00e9 de l\u2019automobile a connu de grands bouleversements depuis le d\u00e9but de la crise sanitaire. La p\u00e9nurie des semi-conducteurs s\u2019est ajout\u00e9e au choc qu\u2019a subi le secteur lors de ces derniers mois. Malgr\u00e9 les quelques signes de reprise post-crise, la situation ne semble pas [&hellip;]<\/p>\n","protected":false},"author":1759,"featured_media":0,"comment_status":"closed","ping_status":"closed","sticky":false,"template":"","format":"standard","meta":{"fifu_image_url":"https:\/\/aujourdhui.ma\/wp-content\/uploads\/2020\/06\/Marche\u0301-automobile-europe\u0301en-300x153.jpg","fifu_image_alt":"Le march\u00e9 du neuf en baisse de 13,23%","footnotes":""},"categories":[73,54],"tags":[],"class_list":["post-149617","post","type-post","status-publish","format-standard","hentry","category-actualite","category-maroc"],"_links":{"self":[{"href":"https:\/\/linitiative.ca\/International\/wp-json\/wp\/v2\/posts\/149617","targetHints":{"allow":["GET"]}}],"collection":[{"href":"https:\/\/linitiative.ca\/International\/wp-json\/wp\/v2\/posts"}],"about":[{"href":"https:\/\/linitiative.ca\/International\/wp-json\/wp\/v2\/types\/post"}],"author":[{"embeddable":true,"href":"https:\/\/linitiative.ca\/International\/wp-json\/wp\/v2\/users\/1759"}],"replies":[{"embeddable":true,"href":"https:\/\/linitiative.ca\/International\/wp-json\/wp\/v2\/comments?post=149617"}],"version-history":[{"count":0,"href":"https:\/\/linitiative.ca\/International\/wp-json\/wp\/v2\/posts\/149617\/revisions"}],"wp:attachment":[{"href":"https:\/\/linitiative.ca\/International\/wp-json\/wp\/v2\/media?parent=149617"}],"wp:term":[{"taxonomy":"category","embeddable":true,"href":"https:\/\/linitiative.ca\/International\/wp-json\/wp\/v2\/categories?post=149617"},{"taxonomy":"post_tag","embeddable":true,"href":"https:\/\/linitiative.ca\/International\/wp-json\/wp\/v2\/tags?post=149617"}],"curies":[{"name":"wp","href":"https:\/\/api.w.org\/{rel}","templated":true}]}}