{"id":149619,"date":"2022-06-08T07:19:43","date_gmt":"2022-06-08T11:19:43","guid":{"rendered":"https:\/\/linitiative.ca\/International\/un-ca-consolide-de-plus-de-115-mmdh-au-t1-2022\/"},"modified":"2022-06-08T07:19:43","modified_gmt":"2022-06-08T11:19:43","slug":"un-ca-consolide-de-plus-de-115-mmdh-au-t1-2022","status":"publish","type":"post","link":"https:\/\/linitiative.ca\/International\/un-ca-consolide-de-plus-de-115-mmdh-au-t1-2022\/","title":{"rendered":"Un CA consolid\u00e9 de plus  de 1,15 MMDH au T1-2022"},"content":{"rendered":"<div>\n<p><img decoding=\"async\" width=\"300\" height=\"153\" src=\"https:\/\/linitiative.ca\/International\/wp-content\/uploads\/sites\/23\/2022\/06\/Auto-Hall-300x153-1.jpg\" class=\"attachment-medium size-medium wp-post-image\" alt=\"\" loading=\"lazy\" srcset=\"https:\/\/linitiative.ca\/International\/wp-content\/uploads\/sites\/23\/2022\/06\/Auto-Hall-300x153-1.jpg 300w, https:\/\/aujourdhui.ma\/wp-content\/uploads\/2019\/12\/Auto-Hall.jpg 746w\" sizes=\"auto, (max-width: 300px) 100vw, 300px\"><\/p>\n<p><span style=\"color: #800000;\"><strong>Le chiffre d\u2019affaires (CA) consolid\u00e9 d\u2019Auto Hall s\u2019est \u00e9tabli \u00e0 plus de 1,15 milliard de dirhams (MMDH) au premier trimestre 2022, contre 1,28 MMDH durant la m\u00eame p\u00e9riode un an auparavant.<\/strong><\/span><span id=\"more-410113\"><\/span><\/p>\n<p>\u00abL\u2019activit\u00e9 du Groupe Auto Hall a affich\u00e9 un recul par rapport au 1er trimestre de l\u2019ann\u00e9e pr\u00e9c\u00e9dente mais ressort en progression compar\u00e9 au trimestre pr\u00e9c\u00e9dent de 14% en volume et de 27% en chiffre d\u2019affaires consolid\u00e9\u00bb, indique Auto Hall dans un communiqu\u00e9. Le groupe a \u00e9galement b\u00e9n\u00e9fici\u00e9 de l\u2019apport de l\u2019activit\u00e9 v\u00e9hicules d\u2019occasion \u00abAutocaz\u00bb avec la vente de 426 unit\u00e9s apportant un CA de 52 millions de dirhams (MDH), fait savoir la m\u00eame source. C\u00f4t\u00e9 investissements, Auto Hall fait \u00e9tat de la poursuite du d\u00e9veloppement du r\u00e9seau avec la construction de nouvelles succursales dans Rabat-K\u00e9nitra. Et de rappeler que le march\u00e9 automobile VP (v\u00e9hicules particuliers)\/VUL (v\u00e9hicules utilitaires l\u00e9gers) a affich\u00e9 un recul au T1-2022 \u00e0 la fois par rapport au trimestre pr\u00e9c\u00e9dent et par rapport au m\u00eame trimestre de 2021, en raison de la persistance des perturbations de la production automobile mondiale suite \u00e0 la p\u00e9nurie des semi-conducteurs.<\/p>\n<\/div>\n<p>Auteur: ALM<br \/>\n<a href=\"https:\/\/aujourdhui.ma\/automobile\/un-ca-consolide-de-plus-de-115-mmdh-au-t1-2022\">Cliquez ici pour lire l&rsquo;article depuis sa source.<\/a><\/p>\n","protected":false},"excerpt":{"rendered":"<p>Le chiffre d\u2019affaires (CA) consolid\u00e9 d\u2019Auto Hall s\u2019est \u00e9tabli \u00e0 plus de 1,15 milliard de dirhams (MMDH) au premier trimestre 2022, contre 1,28 MMDH durant la m\u00eame p\u00e9riode un an auparavant. \u00abL\u2019activit\u00e9 du Groupe Auto Hall a affich\u00e9 un recul par rapport au 1er trimestre de l\u2019ann\u00e9e pr\u00e9c\u00e9dente mais ressort en progression compar\u00e9 au trimestre [&hellip;]<\/p>\n","protected":false},"author":1759,"featured_media":0,"comment_status":"closed","ping_status":"closed","sticky":false,"template":"","format":"standard","meta":{"fifu_image_url":"https:\/\/aujourdhui.ma\/wp-content\/uploads\/2019\/12\/Auto-Hall-300x153.jpg","fifu_image_alt":"Un CA consolid\u00e9 de plus  de 1,15 MMDH au T1-2022","footnotes":""},"categories":[73,54],"tags":[],"class_list":["post-149619","post","type-post","status-publish","format-standard","hentry","category-actualite","category-maroc"],"_links":{"self":[{"href":"https:\/\/linitiative.ca\/International\/wp-json\/wp\/v2\/posts\/149619","targetHints":{"allow":["GET"]}}],"collection":[{"href":"https:\/\/linitiative.ca\/International\/wp-json\/wp\/v2\/posts"}],"about":[{"href":"https:\/\/linitiative.ca\/International\/wp-json\/wp\/v2\/types\/post"}],"author":[{"embeddable":true,"href":"https:\/\/linitiative.ca\/International\/wp-json\/wp\/v2\/users\/1759"}],"replies":[{"embeddable":true,"href":"https:\/\/linitiative.ca\/International\/wp-json\/wp\/v2\/comments?post=149619"}],"version-history":[{"count":0,"href":"https:\/\/linitiative.ca\/International\/wp-json\/wp\/v2\/posts\/149619\/revisions"}],"wp:attachment":[{"href":"https:\/\/linitiative.ca\/International\/wp-json\/wp\/v2\/media?parent=149619"}],"wp:term":[{"taxonomy":"category","embeddable":true,"href":"https:\/\/linitiative.ca\/International\/wp-json\/wp\/v2\/categories?post=149619"},{"taxonomy":"post_tag","embeddable":true,"href":"https:\/\/linitiative.ca\/International\/wp-json\/wp\/v2\/tags?post=149619"}],"curies":[{"name":"wp","href":"https:\/\/api.w.org\/{rel}","templated":true}]}}