{"id":149621,"date":"2022-06-08T07:42:59","date_gmt":"2022-06-08T11:42:59","guid":{"rendered":"https:\/\/linitiative.ca\/International\/le-kia-sonet-fait-son-entree-au-maroc\/"},"modified":"2022-06-08T07:42:59","modified_gmt":"2022-06-08T11:42:59","slug":"le-kia-sonet-fait-son-entree-au-maroc","status":"publish","type":"post","link":"https:\/\/linitiative.ca\/International\/le-kia-sonet-fait-son-entree-au-maroc\/","title":{"rendered":"Le KIA Sonet fait son  entr\u00e9e au Maroc"},"content":{"rendered":"<div>\n<p><img decoding=\"async\" width=\"300\" height=\"153\" src=\"https:\/\/linitiative.ca\/International\/wp-content\/uploads\/sites\/23\/2022\/06\/Kia-Sonet-300x153-1.png\" class=\"attachment-medium size-medium wp-post-image\" alt=\"\" loading=\"lazy\" srcset=\"https:\/\/linitiative.ca\/International\/wp-content\/uploads\/sites\/23\/2022\/06\/Kia-Sonet-300x153-1.png 300w, https:\/\/aujourdhui.ma\/wp-content\/uploads\/2022\/06\/Kia-Sonet-274x140.png 274w, https:\/\/aujourdhui.ma\/wp-content\/uploads\/2022\/06\/Kia-Sonet.png 746w, https:\/\/aujourdhui.ma\/wp-content\/uploads\/2022\/06\/Kia-Sonet-165x84.png 165w, https:\/\/aujourdhui.ma\/wp-content\/uploads\/2022\/06\/Kia-Sonet-702x358.png 702w\" sizes=\"auto, (max-width: 300px) 100vw, 300px\"><\/p>\n<p><span style=\"color: #800000;\"><strong>Un v\u00e9hicule qui s\u2019int\u00e8gre au paysage urbain.<\/strong><\/span><span id=\"more-410114\"><\/span><\/p>\n<div class=\"base-box mom_box_sc_custom mom_box_sc clear\" style=\"-moz-border-radius: 5px; border-radius: 5px;background-color:#fdd8c6;\">\n\t\tD\u00e9clin\u00e9 en trois versions, le dernier-n\u00e9 de la gamme SUV de KIA vient d\u2019\u00eatre officiellement lanc\u00e9 sur le march\u00e9 local. Le constructeur d\u2019automobiles sud cor\u00e9en lui aura r\u00e9serv\u00e9 un design urbain et moderne. Il compte avec son prix de lancement fix\u00e9 \u00e0 209.000 DHS renforcer ses ventes qui se sont d\u00e9j\u00e0 \u00e9tablies \u00e0 2.406 v\u00e9hicules repr\u00e9sentant une croissance de 53% par rapport \u00e0 2021. L\u2019objectif fix\u00e9 en 2022 est d\u2019atteindre une part de march\u00e9 de 3%. Retour sur une nouveaut\u00e9 plut\u00f4t styl\u00e9e !\u00a0 <\/div>\n<p>Avec le Sonet, KIA joue la carte du style en proposant un v\u00e9hicule qui s\u2019int\u00e8gre au paysage urbain. \u00abSon design sportif et branch\u00e9, aux lignes dynamiques, en fait un SUV r\u00e9solument citadin mais disposant de la plus haute garde au sol de la gamme SUV KIA (21 cm). Sa calandre iconique \u00abtiger nose\u00bb et ses feux \u00e0 LED boomerang horizontaux font partie des \u00e9l\u00e9ments distinctifs signature de ce mod\u00e8le\u00bb, expliquent les responsables de la marque.<\/p>\n<p>A premi\u00e8re vue et sans y \u00eatre entr\u00e9, l\u2019habitacle semble r\u00e9server une surface confortable et moderne. Autre point fort sur lequel le directeur de la marque insistera est la disposition g\u00e9n\u00e9rale du tableau de bord. \u00abSa conception ergonomique offre un confort visuel lors de la conduite\u00bb, assurent les porte-parole de la marque. Pour ce qui est des mat\u00e9riaux, l\u2019int\u00e9rieur du Sonet se veut sobre. La technologie embarqu\u00e9e est fonctionnelle et polyvalente. Autre point distinctif: le syst\u00e8me d\u2019info-divertissement de la voiture qui se trouve au centre du tableau de bord, offrant une facilit\u00e9 d\u2019utilisation totale.<br \/>\n\u00abLe Sonet dispose, d\u00e8s la premi\u00e8re finition, d\u2019un compteur de vitesse num\u00e9rique TFT, d\u2019un large \u00e9cran tactile 8 pouces intuitif compatible avec les syst\u00e8mes Android Auto et Apple Carplay ainsi que d\u2019une cam\u00e9ra de recul avec lignes de guidage dynamiques\u00bb, poursuit C\u00e9dric Veau, directeur g\u00e9n\u00e9ral KIA Maroc.<br \/>\nLe v\u00e9hicule sera commercialis\u00e9 en motorisation essence 1.5L MPi Smartstream de derni\u00e8re g\u00e9n\u00e9ration d\u00e9veloppant 115 chevaux. Les constructeurs assurent avec ce type de moteur une souplesse d\u2019utilisation sur l\u2019ensemble des versions : une bo\u00eete manuelle \u00e0 6 vitesses ou une nouvelle bo\u00eete automatique IVT (Intelligent Variable Transmission) \u00e0 8 rapports.<\/p>\n<p><a href=\"https:\/\/linitiative.ca\/International\/wp-content\/uploads\/sites\/23\/2022\/06\/QY_21MY_GE_LHD_Main_dash.png\"><img loading=\"lazy\" decoding=\"async\" class=\"alignnone size-full wp-image-410117\" src=\"https:\/\/linitiative.ca\/International\/wp-content\/uploads\/sites\/23\/2022\/06\/QY_21MY_GE_LHD_Main_dash.png\" alt=\"\" width=\"746\" height=\"380\" srcset=\"https:\/\/linitiative.ca\/International\/wp-content\/uploads\/sites\/23\/2022\/06\/QY_21MY_GE_LHD_Main_dash.png 746w, https:\/\/aujourdhui.ma\/wp-content\/uploads\/2022\/06\/QY_21MY_GE_LHD_Main_dash-300x153.png 300w, https:\/\/aujourdhui.ma\/wp-content\/uploads\/2022\/06\/QY_21MY_GE_LHD_Main_dash-274x140.png 274w, https:\/\/aujourdhui.ma\/wp-content\/uploads\/2022\/06\/QY_21MY_GE_LHD_Main_dash-165x84.png 165w, https:\/\/aujourdhui.ma\/wp-content\/uploads\/2022\/06\/QY_21MY_GE_LHD_Main_dash-702x358.png 702w\" sizes=\"auto, (max-width: 746px) 100vw, 746px\"><\/a><br \/>\nC\u00f4t\u00e9 habitacle, le v\u00e9hicule se veut \u00e0 la fois compact (4,1 m de longueur et 1,80 m de largeur) et spacieux avec sa hauteur de 1,6m, record pour le segment B-SUV au Maroc. Le coffre dispose d\u2019une capacit\u00e9 de 392 litres. \u00abLa sellerie mixte cuir\/tissu, pr\u00e9sente d\u00e8s la premi\u00e8re finition, garantit une assise confortable et adapt\u00e9e pour les longs trajets\u00bb, poursuit le manager de KIA Maroc. Et en termes de s\u00e9curit\u00e9, plus des deux tiers de la carrosserie du Sonet sont constitu\u00e9s d\u2019acier haute r\u00e9sistance avanc\u00e9 et deux airbags conducteur et passager ainsi que d\u2019un syst\u00e8me d\u2019ABS avec EBD (r\u00e9partition \u00e9lectronique de la force de freinage) compl\u00e8tent le dispositif.<br \/>\nEnfin le nouveau KIA Sonet est disponible en 3 niveaux de finition: Motion, Active et Executive.<\/p>\n<p>Pour un premier niveau, la finition Motion offre une dotation particuli\u00e8rement riche avec des airbags conducteur et passager, une alarme avec immobiliseur, des feux antibrouillard, un r\u00e9gulateur de vitesse, une sellerie semi-cuir, un ordinateur de bord multifonctions avec compteur digital TFT, un \u00e9cran tactile Multim\u00e9dia 8\u2019\u2019 compatible Android Auto et Apple Carplay avec cam\u00e9ra de recul et des barres de toit pour un look baroudeur.<\/p>\n<p><a href=\"https:\/\/linitiative.ca\/International\/wp-content\/uploads\/sites\/23\/2022\/06\/QY_21MY_GE_LHD_Rear_bumper_and_skid_plate.png\"><img loading=\"lazy\" decoding=\"async\" class=\"alignnone size-full wp-image-410118\" src=\"https:\/\/linitiative.ca\/International\/wp-content\/uploads\/sites\/23\/2022\/06\/QY_21MY_GE_LHD_Rear_bumper_and_skid_plate.png\" alt=\"\" width=\"746\" height=\"380\" srcset=\"https:\/\/linitiative.ca\/International\/wp-content\/uploads\/sites\/23\/2022\/06\/QY_21MY_GE_LHD_Rear_bumper_and_skid_plate.png 746w, https:\/\/aujourdhui.ma\/wp-content\/uploads\/2022\/06\/QY_21MY_GE_LHD_Rear_bumper_and_skid_plate-300x153.png 300w, https:\/\/aujourdhui.ma\/wp-content\/uploads\/2022\/06\/QY_21MY_GE_LHD_Rear_bumper_and_skid_plate-274x140.png 274w, https:\/\/aujourdhui.ma\/wp-content\/uploads\/2022\/06\/QY_21MY_GE_LHD_Rear_bumper_and_skid_plate-165x84.png 165w, https:\/\/aujourdhui.ma\/wp-content\/uploads\/2022\/06\/QY_21MY_GE_LHD_Rear_bumper_and_skid_plate-702x358.png 702w\" sizes=\"auto, (max-width: 746px) 100vw, 746px\"><\/a><br \/>\nLa finition Active, dispose en plus, d\u2019un volant cuir \u00e0 m\u00e9plat badg\u00e9 \u00abSonet\u00bb, de feux avant et arri\u00e8re full LED avec signature lumineuse \u00abboomerang\u00bb, des jantes diamant\u00e9es en aluminium 16\u2019\u2019, de l\u2019acc\u00e8s mains-libres avec d\u00e9marrage sans cl\u00e9, du r\u00e9glage des modes de conduite, de la climatisation automatique, de r\u00e9troviseurs rabattables \u00e9lectriquement avec r\u00e9p\u00e9titeurs de clignotants et d\u2019une peinture bi-ton au choix.<br \/>\nLa version Executive propose une sellerie cuir avec des si\u00e8ges avant ventil\u00e9s, le toit ouvrant, un chargeur de t\u00e9l\u00e9phone sans fil.<br \/>\nLe prix de lancement, par ailleurs, a \u00e9t\u00e9 fix\u00e9 \u00e0 209.000 DH en finition Motion Sonet.<\/p>\n<\/div>\n<p>Auteur: Dounia Essabban<br \/>\n<a href=\"https:\/\/aujourdhui.ma\/automobile\/le-kia-sonet-fait-son-entree-au-maroc\">Cliquez ici pour lire l&rsquo;article depuis sa source.<\/a><\/p>\n","protected":false},"excerpt":{"rendered":"<p>Un v\u00e9hicule qui s\u2019int\u00e8gre au paysage urbain. D\u00e9clin\u00e9 en trois versions, le dernier-n\u00e9 de la gamme SUV de KIA vient d\u2019\u00eatre officiellement lanc\u00e9 sur le march\u00e9 local. Le constructeur d\u2019automobiles sud cor\u00e9en lui aura r\u00e9serv\u00e9 un design urbain et moderne. Il compte avec son prix de lancement fix\u00e9 \u00e0 209.000 DHS renforcer ses ventes qui [&hellip;]<\/p>\n","protected":false},"author":1759,"featured_media":0,"comment_status":"closed","ping_status":"closed","sticky":false,"template":"","format":"standard","meta":{"fifu_image_url":"https:\/\/aujourdhui.ma\/wp-content\/uploads\/2022\/06\/Kia-Sonet-300x153.png","fifu_image_alt":"Le KIA Sonet fait son  entr\u00e9e au Maroc","footnotes":""},"categories":[73,54],"tags":[],"class_list":["post-149621","post","type-post","status-publish","format-standard","hentry","category-actualite","category-maroc"],"_links":{"self":[{"href":"https:\/\/linitiative.ca\/International\/wp-json\/wp\/v2\/posts\/149621","targetHints":{"allow":["GET"]}}],"collection":[{"href":"https:\/\/linitiative.ca\/International\/wp-json\/wp\/v2\/posts"}],"about":[{"href":"https:\/\/linitiative.ca\/International\/wp-json\/wp\/v2\/types\/post"}],"author":[{"embeddable":true,"href":"https:\/\/linitiative.ca\/International\/wp-json\/wp\/v2\/users\/1759"}],"replies":[{"embeddable":true,"href":"https:\/\/linitiative.ca\/International\/wp-json\/wp\/v2\/comments?post=149621"}],"version-history":[{"count":0,"href":"https:\/\/linitiative.ca\/International\/wp-json\/wp\/v2\/posts\/149621\/revisions"}],"wp:attachment":[{"href":"https:\/\/linitiative.ca\/International\/wp-json\/wp\/v2\/media?parent=149621"}],"wp:term":[{"taxonomy":"category","embeddable":true,"href":"https:\/\/linitiative.ca\/International\/wp-json\/wp\/v2\/categories?post=149621"},{"taxonomy":"post_tag","embeddable":true,"href":"https:\/\/linitiative.ca\/International\/wp-json\/wp\/v2\/tags?post=149621"}],"curies":[{"name":"wp","href":"https:\/\/api.w.org\/{rel}","templated":true}]}}