{"id":149640,"date":"2022-06-07T12:02:39","date_gmt":"2022-06-07T16:02:39","guid":{"rendered":"https:\/\/linitiative.ca\/International\/saida-installation-du-nouveau-president-dapc-de-youb\/"},"modified":"2022-06-07T12:02:39","modified_gmt":"2022-06-07T16:02:39","slug":"saida-installation-du-nouveau-president-dapc-de-youb","status":"publish","type":"post","link":"https:\/\/linitiative.ca\/International\/saida-installation-du-nouveau-president-dapc-de-youb\/","title":{"rendered":"Sa\u00efda: installation du nouveau pr\u00e9sident d\u2019APC de Youb"},"content":{"rendered":"<div>\n<div class=\"K2FeedIntroText\">\n<p><strong>SAIDA &#8211; Le nouveau pr\u00e9sident de l\u2019Assembl\u00e9e populaire communale (APC) de Youb (wilaya de Sa\u00efda) M. Boumadani Khalfallah a \u00e9t\u00e9 install\u00e9 dans ses fonctions en remplacement de l\u2019ex pr\u00e9sident, Rahmani Cheikh, d\u00e9c\u00e9d\u00e9 r\u00e9cemment, a-t-on appris, mardi, de la cellule de communication aupr\u00e8s du cabinet du wali.<\/strong><\/p>\n<\/div>\n<div class=\"K2FeedFullText\">\n<p>Le wali de Sa\u00efda, Abdelaziz Djouadi a pr\u00e9sid\u00e9, lundi soir, la c\u00e9r\u00e9monie d\u2019installation du nouveau pr\u00e9sident de l\u2019Assembl\u00e9e populaire communale, appartenant au parti \u00ab\u00a0Sawt Echaab\u00a0\u00bb et ce, en pr\u00e9sence du pr\u00e9sident de l\u2019Assembl\u00e9e populaire de wilaya, Reffas Mohamed et des autorit\u00e9s locales civiles et militaires, a-t-on indiqu\u00e9 de m\u00eame source.<\/p>\n<p>Le wali a appel\u00e9, dans une allocution prononc\u00e9e \u00e0 cette occasion, les membres de l\u2019APC de Youb, \u00e0 la n\u00e9cessit\u00e9 de travailler de nature \u00e0 concr\u00e9tiser l\u2019ensemble des programmes de d\u00e9veloppement dont a b\u00e9n\u00e9fici\u00e9 cette collectivit\u00e9 locale, destin\u00e9s \u00e0 am\u00e9liorer le cadre de vie des citoyens, a-t-on expliqu\u00e9.<\/p>\n<p>Le chef de l\u2019ex\u00e9cutif de la wilaya a soulign\u00e9 que les autorit\u00e9s de wilaya s\u2019engagent \u00e0 accompagner \u00ab\u00a0de mani\u00e8re permanente\u00a0\u00bb les membres de l\u2019Assembl\u00e9e populaire de la commune de Youb, dans l\u2019int\u00e9r\u00eat g\u00e9n\u00e9ral des citoyens.<\/p>\n<p>Le d\u00e9funt pr\u00e9sident de l\u2019Assembl\u00e9e populaire de la commune de Youb, Rahmani Cheikh, relevant de la liste des ind\u00e9pendants \u00ab\u00a0Amel\u00a0\u00bb, est d\u00e9c\u00e9d\u00e9 le mois de mai dernier, suite \u00e0 un malaise, \u00e0 l\u2019\u00e2ge de 40 ans.<\/p>\n<\/div>\n<\/div>\n<p>Auteur:<br \/>\n<a href=\"https:\/\/www.aps.dz\/regions\/140822-saida-installation-du-nouveau-president-d-apc-de-youb\">Cliquez ici pour lire l&rsquo;article depuis sa source.<\/a><\/p>\n","protected":false},"excerpt":{"rendered":"<p>SAIDA &#8211; Le nouveau pr\u00e9sident de l\u2019Assembl\u00e9e populaire communale (APC) de Youb (wilaya de Sa\u00efda) M. Boumadani Khalfallah a \u00e9t\u00e9 install\u00e9 dans ses fonctions en remplacement de l\u2019ex pr\u00e9sident, Rahmani Cheikh, d\u00e9c\u00e9d\u00e9 r\u00e9cemment, a-t-on appris, mardi, de la cellule de communication aupr\u00e8s du cabinet du wali. Le wali de Sa\u00efda, Abdelaziz Djouadi a pr\u00e9sid\u00e9, lundi [&hellip;]<\/p>\n","protected":false},"author":1790,"featured_media":0,"comment_status":"closed","ping_status":"closed","sticky":false,"template":"","format":"standard","meta":{"fifu_image_url":"","fifu_image_alt":"","footnotes":""},"categories":[53,76],"tags":[],"class_list":["post-149640","post","type-post","status-publish","format-standard","hentry","category-algerie","category-regions"],"_links":{"self":[{"href":"https:\/\/linitiative.ca\/International\/wp-json\/wp\/v2\/posts\/149640","targetHints":{"allow":["GET"]}}],"collection":[{"href":"https:\/\/linitiative.ca\/International\/wp-json\/wp\/v2\/posts"}],"about":[{"href":"https:\/\/linitiative.ca\/International\/wp-json\/wp\/v2\/types\/post"}],"author":[{"embeddable":true,"href":"https:\/\/linitiative.ca\/International\/wp-json\/wp\/v2\/users\/1790"}],"replies":[{"embeddable":true,"href":"https:\/\/linitiative.ca\/International\/wp-json\/wp\/v2\/comments?post=149640"}],"version-history":[{"count":0,"href":"https:\/\/linitiative.ca\/International\/wp-json\/wp\/v2\/posts\/149640\/revisions"}],"wp:attachment":[{"href":"https:\/\/linitiative.ca\/International\/wp-json\/wp\/v2\/media?parent=149640"}],"wp:term":[{"taxonomy":"category","embeddable":true,"href":"https:\/\/linitiative.ca\/International\/wp-json\/wp\/v2\/categories?post=149640"},{"taxonomy":"post_tag","embeddable":true,"href":"https:\/\/linitiative.ca\/International\/wp-json\/wp\/v2\/tags?post=149640"}],"curies":[{"name":"wp","href":"https:\/\/api.w.org\/{rel}","templated":true}]}}