{"id":149658,"date":"2022-06-08T05:43:00","date_gmt":"2022-06-08T09:43:00","guid":{"rendered":"https:\/\/linitiative.ca\/International\/la-question-islamique-devant-le-comite-des-droits-de-lhomme-des-nations-unies-un-livre-de-yadh-ben-achour\/"},"modified":"2022-06-08T05:43:00","modified_gmt":"2022-06-08T09:43:00","slug":"la-question-islamique-devant-le-comite-des-droits-de-lhomme-des-nations-unies-un-livre-de-yadh-ben-achour","status":"publish","type":"post","link":"https:\/\/linitiative.ca\/International\/la-question-islamique-devant-le-comite-des-droits-de-lhomme-des-nations-unies-un-livre-de-yadh-ben-achour\/","title":{"rendered":"La question islamique devant le Comit\u00e9 des Droits de l\u2019Homme des Nations Unies: Un livre de Yadh Ben Achour"},"content":{"rendered":"<div><img decoding=\"async\" src=\"https:\/\/linitiative.ca\/International\/wp-content\/uploads\/sites\/23\/2022\/06\/1654680060_article.jpg\" alt=\"Yadh Ben Achour: La question islamique \" align=\"left\">Yadh Ben Achour examine dans cet essai les positions du Comit\u00e9 des droits de l\u2019Homme des Nations unies dont il est membre, sur les lois et les pratiques des pays musulmans, aussi bien dans leur dimension religieuse qu\u2019\u00e0 travers leurs aspects social, juridique et politique. Il estime que le Comit\u00e9 a r\u00e9alis\u00e9 une \u0153uvre riche et nuanc\u00e9e en mati\u00e8re de d\u00e9fense et de promotion des droits de l\u2019Homme dans les pays de l\u2019Islam. \u00abLe point fort de sa jurisprudence, c\u2019est qu\u2019il a su tenir une balance droite entre les imp\u00e9ratifs de protection de l\u2019islam en tant que communaut\u00e9, particuli\u00e8rement dans les pays o\u00f9 l\u2019islam est minoritaire, et les imp\u00e9ratifs de contr\u00f4le et de &#8230;<\/p>\n<\/div>\n<p>Auteur:<br \/>\n<a href=\"https:\/\/www.leaders.com.tn\/article\/33459-yadh-ben-achour-la-question-islamique\">Cliquez ici pour lire l&rsquo;article depuis sa source.<\/a><\/p>\n","protected":false},"excerpt":{"rendered":"<p>Yadh Ben Achour examine dans cet essai les positions du Comit\u00e9 des droits de l\u2019Homme des Nations unies dont il est membre, sur les lois et les pratiques des pays musulmans, aussi bien dans leur dimension religieuse qu\u2019\u00e0 travers leurs aspects social, juridique et politique. Il estime que le Comit\u00e9 a r\u00e9alis\u00e9 une \u0153uvre riche [&hellip;]<\/p>\n","protected":false},"author":1772,"featured_media":0,"comment_status":"closed","ping_status":"closed","sticky":false,"template":"","format":"standard","meta":{"fifu_image_url":"http:\/\/www.leaders.com.tn\/uploads\/content\/thumbnails_small\/1654680060_article.jpg","fifu_image_alt":"La question islamique devant le Comit\u00e9 des Droits de l\u2019Homme des Nations Unies: Un livre de Yadh Ben Achour","footnotes":""},"categories":[73,55],"tags":[],"class_list":["post-149658","post","type-post","status-publish","format-standard","hentry","category-actualite","category-tunisie"],"_links":{"self":[{"href":"https:\/\/linitiative.ca\/International\/wp-json\/wp\/v2\/posts\/149658","targetHints":{"allow":["GET"]}}],"collection":[{"href":"https:\/\/linitiative.ca\/International\/wp-json\/wp\/v2\/posts"}],"about":[{"href":"https:\/\/linitiative.ca\/International\/wp-json\/wp\/v2\/types\/post"}],"author":[{"embeddable":true,"href":"https:\/\/linitiative.ca\/International\/wp-json\/wp\/v2\/users\/1772"}],"replies":[{"embeddable":true,"href":"https:\/\/linitiative.ca\/International\/wp-json\/wp\/v2\/comments?post=149658"}],"version-history":[{"count":0,"href":"https:\/\/linitiative.ca\/International\/wp-json\/wp\/v2\/posts\/149658\/revisions"}],"wp:attachment":[{"href":"https:\/\/linitiative.ca\/International\/wp-json\/wp\/v2\/media?parent=149658"}],"wp:term":[{"taxonomy":"category","embeddable":true,"href":"https:\/\/linitiative.ca\/International\/wp-json\/wp\/v2\/categories?post=149658"},{"taxonomy":"post_tag","embeddable":true,"href":"https:\/\/linitiative.ca\/International\/wp-json\/wp\/v2\/tags?post=149658"}],"curies":[{"name":"wp","href":"https:\/\/api.w.org\/{rel}","templated":true}]}}