{"id":149664,"date":"2022-06-08T14:14:41","date_gmt":"2022-06-08T18:14:41","guid":{"rendered":"https:\/\/linitiative.ca\/International\/sahara-marocain-lalgerie-suspend-sa-cooperation-avec-lespagne\/"},"modified":"2022-06-08T14:14:41","modified_gmt":"2022-06-08T18:14:41","slug":"sahara-marocain-lalgerie-suspend-sa-cooperation-avec-lespagne","status":"publish","type":"post","link":"https:\/\/linitiative.ca\/International\/sahara-marocain-lalgerie-suspend-sa-cooperation-avec-lespagne\/","title":{"rendered":"Sahara marocain. L\u2019Alg\u00e9rie suspend sa coop\u00e9ration avec l\u2019Espagne"},"content":{"rendered":"<div><img decoding=\"async\" width=\"971\" height=\"544\" src=\"https:\/\/linitiative.ca\/International\/wp-content\/uploads\/sites\/23\/2022\/06\/Abdelmjid-Tebboune-president-de-lAlgerie-.png\" class=\"attachment-post-thumbnail size-post-thumbnail wp-post-image\" alt=\"\" loading=\"lazy\" srcset=\"https:\/\/linitiative.ca\/International\/wp-content\/uploads\/sites\/23\/2022\/06\/Abdelmjid-Tebboune-president-de-lAlgerie-.png 971w, https:\/\/www.challenge.ma\/wp-content\/uploads\/2021\/08\/Abdelmjid-Tebboune-president-de-lAlgerie--300x168.png 300w, https:\/\/www.challenge.ma\/wp-content\/uploads\/2021\/08\/Abdelmjid-Tebboune-president-de-lAlgerie--768x430.png 768w, https:\/\/www.challenge.ma\/wp-content\/uploads\/2021\/08\/Abdelmjid-Tebboune-president-de-lAlgerie--360x202.png 360w, https:\/\/www.challenge.ma\/wp-content\/uploads\/2021\/08\/Abdelmjid-Tebboune-president-de-lAlgerie--750x420.png 750w\" sizes=\"auto, (max-width: 971px) 100vw, 971px\" itemprop=\"image\">Un communiqu\u00e9 de la pr\u00e9sidence alg\u00e9rienne annonce, le 8 juin, la suspension \u00ab\u00a0imm\u00e9diate du Trait\u00e9 d\u2019amiti\u00e9, de bon voisinage et de coop\u00e9ration conclu le 8 octobre 2002 avec l\u2019Espagne \u00bb. \u00ab\u00a0Les autorit\u00e9s espagnoles se sont engag\u00e9es dans une campagne tendant \u00e0 justifier la position qu\u2019elles ont adopt\u00e9e sur le Sahara<\/div>\n<p>Auteur: Roland Amoussou<br \/>\n<a href=\"https:\/\/www.challenge.ma\/sahara-marocain-lalgerie-suspend-sa-cooperation-avec-lespagne-240226\/\">Cliquez ici pour lire l&rsquo;article depuis sa source.<\/a><\/p>\n","protected":false},"excerpt":{"rendered":"<p>Un communiqu\u00e9 de la pr\u00e9sidence alg\u00e9rienne annonce, le 8 juin, la suspension \u00ab\u00a0imm\u00e9diate du Trait\u00e9 d\u2019amiti\u00e9, de bon voisinage et de coop\u00e9ration conclu le 8 octobre 2002 avec l\u2019Espagne \u00bb. \u00ab\u00a0Les autorit\u00e9s espagnoles se sont engag\u00e9es dans une campagne tendant \u00e0 justifier la position qu\u2019elles ont adopt\u00e9e sur le Sahara Auteur: Roland Amoussou Cliquez ici [&hellip;]<\/p>\n","protected":false},"author":1787,"featured_media":0,"comment_status":"closed","ping_status":"closed","sticky":false,"template":"","format":"standard","meta":{"fifu_image_url":"https:\/\/www.challenge.ma\/wp-content\/uploads\/2021\/08\/Abdelmjid-Tebboune-president-de-lAlgerie-.png","fifu_image_alt":"Sahara marocain. L\u2019Alg\u00e9rie suspend sa coop\u00e9ration avec l\u2019Espagne","footnotes":""},"categories":[78,54],"tags":[],"class_list":["post-149664","post","type-post","status-publish","format-standard","hentry","category-economie","category-maroc"],"_links":{"self":[{"href":"https:\/\/linitiative.ca\/International\/wp-json\/wp\/v2\/posts\/149664","targetHints":{"allow":["GET"]}}],"collection":[{"href":"https:\/\/linitiative.ca\/International\/wp-json\/wp\/v2\/posts"}],"about":[{"href":"https:\/\/linitiative.ca\/International\/wp-json\/wp\/v2\/types\/post"}],"author":[{"embeddable":true,"href":"https:\/\/linitiative.ca\/International\/wp-json\/wp\/v2\/users\/1787"}],"replies":[{"embeddable":true,"href":"https:\/\/linitiative.ca\/International\/wp-json\/wp\/v2\/comments?post=149664"}],"version-history":[{"count":0,"href":"https:\/\/linitiative.ca\/International\/wp-json\/wp\/v2\/posts\/149664\/revisions"}],"wp:attachment":[{"href":"https:\/\/linitiative.ca\/International\/wp-json\/wp\/v2\/media?parent=149664"}],"wp:term":[{"taxonomy":"category","embeddable":true,"href":"https:\/\/linitiative.ca\/International\/wp-json\/wp\/v2\/categories?post=149664"},{"taxonomy":"post_tag","embeddable":true,"href":"https:\/\/linitiative.ca\/International\/wp-json\/wp\/v2\/tags?post=149664"}],"curies":[{"name":"wp","href":"https:\/\/api.w.org\/{rel}","templated":true}]}}