{"id":149668,"date":"2022-06-08T15:16:00","date_gmt":"2022-06-08T19:16:00","guid":{"rendered":"https:\/\/linitiative.ca\/International\/marhaba-2022-une-offre-suffisante-en-matiere-de-transport-ministere-du-transport\/"},"modified":"2022-06-08T15:16:00","modified_gmt":"2022-06-08T19:16:00","slug":"marhaba-2022-une-offre-suffisante-en-matiere-de-transport-ministere-du-transport","status":"publish","type":"post","link":"https:\/\/linitiative.ca\/International\/marhaba-2022-une-offre-suffisante-en-matiere-de-transport-ministere-du-transport\/","title":{"rendered":"Marhaba 2022. Une offre suffisante en mati\u00e8re de transport [Minist\u00e8re du transport]"},"content":{"rendered":"<div><img decoding=\"async\" width=\"500\" height=\"300\" src=\"https:\/\/linitiative.ca\/International\/wp-content\/uploads\/sites\/23\/2022\/06\/logotypes_marhaba_-2012_06062012153305.jpg\" class=\"attachment-post-thumbnail size-post-thumbnail wp-post-image\" alt=\"\" loading=\"lazy\" srcset=\"https:\/\/linitiative.ca\/International\/wp-content\/uploads\/sites\/23\/2022\/06\/logotypes_marhaba_-2012_06062012153305.jpg 500w, https:\/\/www.challenge.ma\/wp-content\/uploads\/2014\/06\/logotypes_marhaba_-2012_06062012153305-300x180.jpg 300w, https:\/\/www.challenge.ma\/wp-content\/uploads\/2014\/06\/logotypes_marhaba_-2012_06062012153305-91x55.jpg 91w, https:\/\/www.challenge.ma\/wp-content\/uploads\/2014\/06\/logotypes_marhaba_-2012_06062012153305-310x186.jpg 310w, https:\/\/www.challenge.ma\/wp-content\/uploads\/2014\/06\/logotypes_marhaba_-2012_06062012153305-112x67.jpg 112w\" sizes=\"auto, (max-width: 500px) 100vw, 500px\" itemprop=\"image\">Selon le ministre du Transport et de la logistique, Mohamed Abdeljalil, tout est mis en \u0153uvre pour garantir le bon d\u00e9roulement de l\u2019op\u00e9ration Marhaba 2022. Voici tout ce qu\u2019il faut savoir sur le dispositif mis en place en mati\u00e8re de transport. Mohamed Abdeljalil assure ainsi que son d\u00e9partement \u0153uvre de<\/div>\n<p>Auteur: Roland Amoussou<br \/>\n<a href=\"https:\/\/www.challenge.ma\/marhaba-2022-une-offre-suffisante-en-matiere-de-transport-ministere-du-transport-240221\/\">Cliquez ici pour lire l&rsquo;article depuis sa source.<\/a><\/p>\n","protected":false},"excerpt":{"rendered":"<p>Selon le ministre du Transport et de la logistique, Mohamed Abdeljalil, tout est mis en \u0153uvre pour garantir le bon d\u00e9roulement de l\u2019op\u00e9ration Marhaba 2022. Voici tout ce qu\u2019il faut savoir sur le dispositif mis en place en mati\u00e8re de transport. Mohamed Abdeljalil assure ainsi que son d\u00e9partement \u0153uvre de Auteur: Roland Amoussou Cliquez ici [&hellip;]<\/p>\n","protected":false},"author":1787,"featured_media":0,"comment_status":"closed","ping_status":"closed","sticky":false,"template":"","format":"standard","meta":{"fifu_image_url":"https:\/\/www.challenge.ma\/wp-content\/uploads\/2014\/06\/logotypes_marhaba_-2012_06062012153305.jpg","fifu_image_alt":"Marhaba 2022. Une offre suffisante en mati\u00e8re de transport [Minist\u00e8re du transport]","footnotes":""},"categories":[78,54],"tags":[],"class_list":["post-149668","post","type-post","status-publish","format-standard","hentry","category-economie","category-maroc"],"_links":{"self":[{"href":"https:\/\/linitiative.ca\/International\/wp-json\/wp\/v2\/posts\/149668","targetHints":{"allow":["GET"]}}],"collection":[{"href":"https:\/\/linitiative.ca\/International\/wp-json\/wp\/v2\/posts"}],"about":[{"href":"https:\/\/linitiative.ca\/International\/wp-json\/wp\/v2\/types\/post"}],"author":[{"embeddable":true,"href":"https:\/\/linitiative.ca\/International\/wp-json\/wp\/v2\/users\/1787"}],"replies":[{"embeddable":true,"href":"https:\/\/linitiative.ca\/International\/wp-json\/wp\/v2\/comments?post=149668"}],"version-history":[{"count":0,"href":"https:\/\/linitiative.ca\/International\/wp-json\/wp\/v2\/posts\/149668\/revisions"}],"wp:attachment":[{"href":"https:\/\/linitiative.ca\/International\/wp-json\/wp\/v2\/media?parent=149668"}],"wp:term":[{"taxonomy":"category","embeddable":true,"href":"https:\/\/linitiative.ca\/International\/wp-json\/wp\/v2\/categories?post=149668"},{"taxonomy":"post_tag","embeddable":true,"href":"https:\/\/linitiative.ca\/International\/wp-json\/wp\/v2\/tags?post=149668"}],"curies":[{"name":"wp","href":"https:\/\/api.w.org\/{rel}","templated":true}]}}