{"id":149672,"date":"2022-06-08T16:51:25","date_gmt":"2022-06-08T20:51:25","guid":{"rendered":"https:\/\/linitiative.ca\/International\/la-bourse-de-tunis-reprend-des-couleurs\/"},"modified":"2022-06-08T16:51:25","modified_gmt":"2022-06-08T20:51:25","slug":"la-bourse-de-tunis-reprend-des-couleurs","status":"publish","type":"post","link":"https:\/\/linitiative.ca\/International\/la-bourse-de-tunis-reprend-des-couleurs\/","title":{"rendered":"La bourse de Tunis reprend des couleurs"},"content":{"rendered":"<div>\n<p>\u00a0Physionomie du march\u00e9 Tunindex a termin\u00e9 la s\u00e9ance d\u2019aujourd\u2019hui mercredi 8 juin 2022 en signant une hausse de 0,21% \u00e0 7339,29 points. Tunindex 20 s\u2019est accru aussi de 0,08% pour se situer \u00e0 3198,55 points. Le rendement annuel du march\u00e9 s\u2019est situ\u00e9 \u00e0 4,16% dans un modeste flux d\u2019\u00e9changes de 3,0 millions de dinars (MD) [\u2026]<\/p>\n<p>L\u2019article <a href=\"https:\/\/www.tunisienumerique.com\/la-bourse-de-tunis-reprend-des-couleurs\/\">La bourse de Tunis reprend des couleurs<\/a> est apparu en premier sur <a href=\"https:\/\/www.tunisienumerique.com\/\">Tunisie<\/a>.<\/p>\n<\/div>\n<p>Auteur: Mohamed Ben Abderrazek<br \/>\n<a href=\"https:\/\/www.tunisienumerique.com\/la-bourse-de-tunis-reprend-des-couleurs\/\">Cliquez ici pour lire l&rsquo;article depuis sa source.<\/a><\/p>\n","protected":false},"excerpt":{"rendered":"<p>\u00a0Physionomie du march\u00e9 Tunindex a termin\u00e9 la s\u00e9ance d\u2019aujourd\u2019hui mercredi 8 juin 2022 en signant une hausse de 0,21% \u00e0 7339,29 points. Tunindex 20 s\u2019est accru aussi de 0,08% pour se situer \u00e0 3198,55 points. Le rendement annuel du march\u00e9 s\u2019est situ\u00e9 \u00e0 4,16% dans un modeste flux d\u2019\u00e9changes de 3,0 millions de dinars (MD) [&hellip;]<\/p>\n","protected":false},"author":1789,"featured_media":0,"comment_status":"closed","ping_status":"closed","sticky":false,"template":"","format":"standard","meta":{"fifu_image_url":"","fifu_image_alt":"","footnotes":""},"categories":[73,55],"tags":[],"class_list":["post-149672","post","type-post","status-publish","format-standard","hentry","category-actualite","category-tunisie"],"_links":{"self":[{"href":"https:\/\/linitiative.ca\/International\/wp-json\/wp\/v2\/posts\/149672","targetHints":{"allow":["GET"]}}],"collection":[{"href":"https:\/\/linitiative.ca\/International\/wp-json\/wp\/v2\/posts"}],"about":[{"href":"https:\/\/linitiative.ca\/International\/wp-json\/wp\/v2\/types\/post"}],"author":[{"embeddable":true,"href":"https:\/\/linitiative.ca\/International\/wp-json\/wp\/v2\/users\/1789"}],"replies":[{"embeddable":true,"href":"https:\/\/linitiative.ca\/International\/wp-json\/wp\/v2\/comments?post=149672"}],"version-history":[{"count":0,"href":"https:\/\/linitiative.ca\/International\/wp-json\/wp\/v2\/posts\/149672\/revisions"}],"wp:attachment":[{"href":"https:\/\/linitiative.ca\/International\/wp-json\/wp\/v2\/media?parent=149672"}],"wp:term":[{"taxonomy":"category","embeddable":true,"href":"https:\/\/linitiative.ca\/International\/wp-json\/wp\/v2\/categories?post=149672"},{"taxonomy":"post_tag","embeddable":true,"href":"https:\/\/linitiative.ca\/International\/wp-json\/wp\/v2\/tags?post=149672"}],"curies":[{"name":"wp","href":"https:\/\/api.w.org\/{rel}","templated":true}]}}