{"id":149677,"date":"2022-06-08T15:48:24","date_gmt":"2022-06-08T19:48:24","guid":{"rendered":"https:\/\/linitiative.ca\/International\/tensions-preelectorales-au-senegal-attention-au-reveil-des-vieux-demons\/"},"modified":"2022-06-08T15:48:24","modified_gmt":"2022-06-08T19:48:24","slug":"tensions-preelectorales-au-senegal-attention-au-reveil-des-vieux-demons","status":"publish","type":"post","link":"https:\/\/linitiative.ca\/International\/tensions-preelectorales-au-senegal-attention-au-reveil-des-vieux-demons\/","title":{"rendered":"TENSIONS PREELECTORALES AU SENEGAL : \u00a0Attention au r\u00e9veil des vieux d\u00e9mons\u00a0!  \u00a0"},"content":{"rendered":"<div>\n<p><img decoding=\"async\" width=\"650\" height=\"426\" src=\"https:\/\/linitiative.ca\/International\/wp-content\/uploads\/sites\/23\/2022\/06\/senegal-1.jpg\" class=\"attachment- size- wp-post-image\" alt=\"\" loading=\"lazy\" style=\"float:left; margin:0 15px 15px 0;\" srcset=\"https:\/\/linitiative.ca\/International\/wp-content\/uploads\/sites\/23\/2022\/06\/senegal-1.jpg 650w, https:\/\/lepays.bf\/wp-content\/uploads\/2022\/06\/senegal-1-300x197.jpg 300w, https:\/\/lepays.bf\/wp-content\/uploads\/2022\/06\/senegal-1-150x98.jpg 150w\" sizes=\"auto, (max-width: 650px) 100vw, 650px\">A quelque sept semaines des l\u00e9gislatives du 31 juillet prochain, l\u2019atmosph\u00e8re sociopolitique est charg\u00e9e de souffre au S\u00e9n\u00e9gal. Pour cause, l\u2019invalidation de la liste nationale de titulaires de la coalition de l\u2019opposition Yewwi Askan Wi, confirm\u00e9e par le Conseil constitutionnel. Avec pour cons\u00e9quence, la mise [\u2026]<\/p>\n<p>L\u2019article <a rel=\"nofollow\" href=\"https:\/\/lepays.bf\/tensions-preelectorales-au-senegal-attention-au-reveil-des-vieux-demons\/\">TENSIONS PREELECTORALES AU SENEGAL : \u00a0Attention au r\u00e9veil des vieux d\u00e9mons\u00a0!  \u00a0<\/a> est apparu en premier sur <a rel=\"nofollow\" href=\"https:\/\/lepays.bf\/\">Editions Le Pays<\/a>.<\/p>\n<\/div>\n<p>Auteur: Editions LEPAYS<br \/>\n<a href=\"https:\/\/lepays.bf\/tensions-preelectorales-au-senegal-attention-au-reveil-des-vieux-demons\/\">Cliquez ici pour lire l&rsquo;article depuis sa source.<\/a><\/p>\n","protected":false},"excerpt":{"rendered":"<p>A quelque sept semaines des l\u00e9gislatives du 31 juillet prochain, l\u2019atmosph\u00e8re sociopolitique est charg\u00e9e de souffre au S\u00e9n\u00e9gal. Pour cause, l\u2019invalidation de la liste nationale de titulaires de la coalition de l\u2019opposition Yewwi Askan Wi, confirm\u00e9e par le Conseil constitutionnel. Avec pour cons\u00e9quence, la mise [\u2026] L\u2019article TENSIONS PREELECTORALES AU SENEGAL : \u00a0Attention au r\u00e9veil [&hellip;]<\/p>\n","protected":false},"author":1813,"featured_media":0,"comment_status":"closed","ping_status":"closed","sticky":false,"template":"","format":"standard","meta":{"fifu_image_url":"https:\/\/lepays.bf\/wp-content\/uploads\/2022\/06\/senegal-1.jpg","fifu_image_alt":"TENSIONS PREELECTORALES AU SENEGAL : \u00a0Attention au r\u00e9veil des vieux d\u00e9mons\u00a0!  \u00a0","footnotes":""},"categories":[73,81],"tags":[],"class_list":["post-149677","post","type-post","status-publish","format-standard","hentry","category-actualite","category-burkina-faso"],"_links":{"self":[{"href":"https:\/\/linitiative.ca\/International\/wp-json\/wp\/v2\/posts\/149677","targetHints":{"allow":["GET"]}}],"collection":[{"href":"https:\/\/linitiative.ca\/International\/wp-json\/wp\/v2\/posts"}],"about":[{"href":"https:\/\/linitiative.ca\/International\/wp-json\/wp\/v2\/types\/post"}],"author":[{"embeddable":true,"href":"https:\/\/linitiative.ca\/International\/wp-json\/wp\/v2\/users\/1813"}],"replies":[{"embeddable":true,"href":"https:\/\/linitiative.ca\/International\/wp-json\/wp\/v2\/comments?post=149677"}],"version-history":[{"count":0,"href":"https:\/\/linitiative.ca\/International\/wp-json\/wp\/v2\/posts\/149677\/revisions"}],"wp:attachment":[{"href":"https:\/\/linitiative.ca\/International\/wp-json\/wp\/v2\/media?parent=149677"}],"wp:term":[{"taxonomy":"category","embeddable":true,"href":"https:\/\/linitiative.ca\/International\/wp-json\/wp\/v2\/categories?post=149677"},{"taxonomy":"post_tag","embeddable":true,"href":"https:\/\/linitiative.ca\/International\/wp-json\/wp\/v2\/tags?post=149677"}],"curies":[{"name":"wp","href":"https:\/\/api.w.org\/{rel}","templated":true}]}}