{"id":149679,"date":"2022-06-08T15:51:14","date_gmt":"2022-06-08T19:51:14","guid":{"rendered":"https:\/\/linitiative.ca\/International\/le-roi-belge-devant-le-parlement-en-rdc-philippe-na-pas-franchi-le-pas\/"},"modified":"2022-06-08T15:51:14","modified_gmt":"2022-06-08T19:51:14","slug":"le-roi-belge-devant-le-parlement-en-rdc-philippe-na-pas-franchi-le-pas","status":"publish","type":"post","link":"https:\/\/linitiative.ca\/International\/le-roi-belge-devant-le-parlement-en-rdc-philippe-na-pas-franchi-le-pas\/","title":{"rendered":"LE ROI BELGE DEVANT LE PARLEMENT EN RDC : Philippe n\u2019a pas franchi le pas"},"content":{"rendered":"<div>\n<p><img loading=\"lazy\" decoding=\"async\" width=\"300\" height=\"168\" src=\"https:\/\/linitiative.ca\/International\/wp-content\/uploads\/sites\/23\/2022\/06\/rdc.jpg\" class=\"attachment- size- wp-post-image\" alt=\"\" style=\"float:left; margin:0 15px 15px 0;\" srcset=\"https:\/\/linitiative.ca\/International\/wp-content\/uploads\/sites\/23\/2022\/06\/rdc.jpg 300w, https:\/\/lepays.bf\/wp-content\/uploads\/2022\/06\/rdc-150x84.jpg 150w\" sizes=\"auto, (max-width: 300px) 100vw, 300px\">En s\u00e9jour en R\u00e9publique d\u00e9mocratique du Congo (RDC) pour une visite officielle de six jours, Philippe, le roi des Belges, a prononc\u00e9 un discours tr\u00e8s attendu, le 8 juin dernier,\u00a0 devant l\u2019Assembl\u00e9e nationale et le S\u00e9nat r\u00e9unis en congr\u00e8s. L\u2019exercice, il faut le dire, a [\u2026]<\/p>\n<p>L\u2019article <a rel=\"nofollow\" href=\"https:\/\/lepays.bf\/le-roi-belge-devant-le-parlement-en-rdc-philippe-na-pas-franchi-le-pas\/\">LE ROI BELGE DEVANT LE PARLEMENT EN RDC : Philippe n\u2019a pas franchi le pas<\/a> est apparu en premier sur <a rel=\"nofollow\" href=\"https:\/\/lepays.bf\/\">Editions Le Pays<\/a>.<\/p>\n<\/div>\n<p>Auteur: Editions LEPAYS<br \/>\n<a href=\"https:\/\/lepays.bf\/le-roi-belge-devant-le-parlement-en-rdc-philippe-na-pas-franchi-le-pas\/\">Cliquez ici pour lire l&rsquo;article depuis sa source.<\/a><\/p>\n","protected":false},"excerpt":{"rendered":"<p>En s\u00e9jour en R\u00e9publique d\u00e9mocratique du Congo (RDC) pour une visite officielle de six jours, Philippe, le roi des Belges, a prononc\u00e9 un discours tr\u00e8s attendu, le 8 juin dernier,\u00a0 devant l\u2019Assembl\u00e9e nationale et le S\u00e9nat r\u00e9unis en congr\u00e8s. L\u2019exercice, il faut le dire, a [\u2026] L\u2019article LE ROI BELGE DEVANT LE PARLEMENT EN RDC [&hellip;]<\/p>\n","protected":false},"author":1813,"featured_media":0,"comment_status":"closed","ping_status":"closed","sticky":false,"template":"","format":"standard","meta":{"fifu_image_url":"https:\/\/lepays.bf\/wp-content\/uploads\/2022\/06\/rdc.jpg","fifu_image_alt":"LE ROI BELGE DEVANT LE PARLEMENT EN RDC : Philippe n\u2019a pas franchi le pas","footnotes":""},"categories":[73,81],"tags":[],"class_list":["post-149679","post","type-post","status-publish","format-standard","hentry","category-actualite","category-burkina-faso"],"_links":{"self":[{"href":"https:\/\/linitiative.ca\/International\/wp-json\/wp\/v2\/posts\/149679","targetHints":{"allow":["GET"]}}],"collection":[{"href":"https:\/\/linitiative.ca\/International\/wp-json\/wp\/v2\/posts"}],"about":[{"href":"https:\/\/linitiative.ca\/International\/wp-json\/wp\/v2\/types\/post"}],"author":[{"embeddable":true,"href":"https:\/\/linitiative.ca\/International\/wp-json\/wp\/v2\/users\/1813"}],"replies":[{"embeddable":true,"href":"https:\/\/linitiative.ca\/International\/wp-json\/wp\/v2\/comments?post=149679"}],"version-history":[{"count":0,"href":"https:\/\/linitiative.ca\/International\/wp-json\/wp\/v2\/posts\/149679\/revisions"}],"wp:attachment":[{"href":"https:\/\/linitiative.ca\/International\/wp-json\/wp\/v2\/media?parent=149679"}],"wp:term":[{"taxonomy":"category","embeddable":true,"href":"https:\/\/linitiative.ca\/International\/wp-json\/wp\/v2\/categories?post=149679"},{"taxonomy":"post_tag","embeddable":true,"href":"https:\/\/linitiative.ca\/International\/wp-json\/wp\/v2\/tags?post=149679"}],"curies":[{"name":"wp","href":"https:\/\/api.w.org\/{rel}","templated":true}]}}