{"id":149682,"date":"2022-06-08T17:07:53","date_gmt":"2022-06-08T21:07:53","guid":{"rendered":"https:\/\/linitiative.ca\/International\/gestion-des-forets-en-afrique-lexperience-de-la-rd-congo-partagee-a-ouagadougou\/"},"modified":"2022-06-08T17:07:53","modified_gmt":"2022-06-08T21:07:53","slug":"gestion-des-forets-en-afrique-lexperience-de-la-rd-congo-partagee-a-ouagadougou","status":"publish","type":"post","link":"https:\/\/linitiative.ca\/International\/gestion-des-forets-en-afrique-lexperience-de-la-rd-congo-partagee-a-ouagadougou\/","title":{"rendered":"Gestion des for\u00eats en Afrique : l\u2019exp\u00e9rience de la RD Congo  partag\u00e9e \u00e0 Ouagadougou"},"content":{"rendered":"<div>\n<p><strong>L\u2019exp\u00e9rience de la R\u00e9publique d\u00e9mocratique du Congo sur la mise en \u0153uvre d\u2019options d\u2019adaptation et d\u2019att\u00e9nuation des effets du changement climatique, \u00e0 travers le cas de Ibi village et le parc marin de Mangrove, a fait l\u2019objet d\u2019une \u00e9tude. Les r\u00e9sultats ont \u00e9t\u00e9 pr\u00e9sent\u00e9s, le lundi 6 juin 2022 \u00e0 Ouagadougou.<\/strong><\/p>\n<p>Le Forum forestier africain (Africain forest forum -AFF) veut contribuer \u00e0 faire connaitre les bonnes pratiques africaines en mati\u00e8re de gestion des for\u00eats et des arbres hors for\u00eats face au changement climatique. Dans cet objectif, il a commandit\u00e9 une \u00e9tude sur l\u2019exp\u00e9rience de la R\u00e9publique d\u00e9mocratique du Congo sur la mise en \u0153uvre d\u2019options d\u2019adaptation et d\u2019att\u00e9nuation des effets du changement climatique fond\u00e9es sur les for\u00eats et les arbres dans diff\u00e9rents paysages, \u00e0 travers le cas de Ibi village et le parc marin de Mangrove.<\/p>\n<p>L\u2019\u00e9tude vise, entre autres, \u00e0 comprendre et \u00e0 documenter les diff\u00e9rentes approches strat\u00e9giques d\u2019adaptation et d\u2019att\u00e9nuation impl\u00e9ment\u00e9es en RD Congo. Les r\u00e9sultats de cette \u00e9tude ont \u00e9t\u00e9 pr\u00e9sent\u00e9s, le lundi 6 juin 2022 \u00e0 Ouagadougou, \u00e0 l\u2019occasion de l\u2019atelier r\u00e9gional de partage d\u2019informations et d\u2019exp\u00e9riences sur la gestion des for\u00eats dans le contexte du changement climatique en Afrique. Il ressort que 17 % du couvert forestier mondial et 1\/5e de la faune du monde sont localis\u00e9s dans les for\u00eats du Bassin du Congo (BC), et que plus de 60% des for\u00eats du Bassin du Congo sont localis\u00e9es dans la RD Congo. Ces for\u00eats repr\u00e9sentent une quantit\u00e9 \u00e9norme de carbone s\u00e9questr\u00e9e depuis des mill\u00e9naires, et jouent donc un r\u00f4le majeur dans la lutte contre le r\u00e9chauffement climatique mondial, a fait savoir la consultante Wendy Mbompart des projets et programmes dans ce pays sont orient\u00e9s \u00e0 95% sur l\u2019att\u00e9nuation par le processus REDD+. L\u2019\u00e9tude montre aussi que la s\u00e9questration du carbone et la conservation de la biodiversit\u00e9 sont les projets\/programmes qui enregistrent plus de r\u00e9ussites.<\/p>\n<p>Si le succ\u00e8s de l\u2019arboriculture et de l\u2019agroforesterie r\u00e9side dans leur financement \u00e0 grande \u00e9chelle, le r\u00e9gime foncier, l\u2019ins\u00e9curit\u00e9 et surtout le manque de financement ad\u00e9quat constituent les freins \u00e0 leur d\u00e9veloppement. L\u2019une des limites des interventions r\u00e9side dans la faible collaboration inter et intra organismes. Il y a aussi que les efforts actuels n\u2019ont pas encore trouv\u00e9 leur place dans l\u2019agenda politique au niveau intersectoriel et ne sont pas appropri\u00e9s au niveau national. Pour relever les d\u00e9fis, l\u2019\u00e9tude recommande, entre autres, la prise en compte des communaut\u00e9s locales dans l\u2019\u00e9laboration des strat\u00e9gies d\u2019adaptation et att\u00e9nuation au changement climatique ainsi que l\u2019utilisation des moyens de communication et d\u2019un langage adapt\u00e9 aux communaut\u00e9s et \u00e0 leurs capacit\u00e9s, le renforcement des capacit\u00e9s des personnels des institutions gouvernementales et non gouvernementales travaillant sur les th\u00e9matiques de la REDD+ et de l\u2019adaptation.<\/p>\n<p style=\"text-align: right\"><strong>Mahamadi SEBOGO <\/strong><\/p>\n<p style=\"text-align: right\"><strong>Windmad76@gmail.com <\/strong><\/p>\n<\/div>\n<p>Auteur: JK. Sidwaya<br \/>\n<a href=\"https:\/\/www.sidwaya.info\/blog\/2022\/06\/08\/gestion-des-forets-en-afrique-lexperience-de-la-rd-congo-partagee-a-ouagadougou\/\">Cliquez ici pour lire l&rsquo;article depuis sa source.<\/a><\/p>\n","protected":false},"excerpt":{"rendered":"<p>L\u2019exp\u00e9rience de la R\u00e9publique d\u00e9mocratique du Congo sur la mise en \u0153uvre d\u2019options d\u2019adaptation et d\u2019att\u00e9nuation des effets du changement climatique, \u00e0 travers le cas de Ibi village et le parc marin de Mangrove, a fait l\u2019objet d\u2019une \u00e9tude. Les r\u00e9sultats ont \u00e9t\u00e9 pr\u00e9sent\u00e9s, le lundi 6 juin 2022 \u00e0 Ouagadougou. Le Forum forestier africain [&hellip;]<\/p>\n","protected":false},"author":1816,"featured_media":0,"comment_status":"closed","ping_status":"closed","sticky":false,"template":"","format":"standard","meta":{"fifu_image_url":"","fifu_image_alt":"","footnotes":""},"categories":[73,81],"tags":[],"class_list":["post-149682","post","type-post","status-publish","format-standard","hentry","category-actualite","category-burkina-faso"],"_links":{"self":[{"href":"https:\/\/linitiative.ca\/International\/wp-json\/wp\/v2\/posts\/149682","targetHints":{"allow":["GET"]}}],"collection":[{"href":"https:\/\/linitiative.ca\/International\/wp-json\/wp\/v2\/posts"}],"about":[{"href":"https:\/\/linitiative.ca\/International\/wp-json\/wp\/v2\/types\/post"}],"author":[{"embeddable":true,"href":"https:\/\/linitiative.ca\/International\/wp-json\/wp\/v2\/users\/1816"}],"replies":[{"embeddable":true,"href":"https:\/\/linitiative.ca\/International\/wp-json\/wp\/v2\/comments?post=149682"}],"version-history":[{"count":0,"href":"https:\/\/linitiative.ca\/International\/wp-json\/wp\/v2\/posts\/149682\/revisions"}],"wp:attachment":[{"href":"https:\/\/linitiative.ca\/International\/wp-json\/wp\/v2\/media?parent=149682"}],"wp:term":[{"taxonomy":"category","embeddable":true,"href":"https:\/\/linitiative.ca\/International\/wp-json\/wp\/v2\/categories?post=149682"},{"taxonomy":"post_tag","embeddable":true,"href":"https:\/\/linitiative.ca\/International\/wp-json\/wp\/v2\/tags?post=149682"}],"curies":[{"name":"wp","href":"https:\/\/api.w.org\/{rel}","templated":true}]}}