{"id":149685,"date":"2022-06-08T17:40:09","date_gmt":"2022-06-08T21:40:09","guid":{"rendered":"https:\/\/linitiative.ca\/International\/mine-de-perkoa-un-7e-corps-retrouve\/"},"modified":"2022-06-08T17:40:09","modified_gmt":"2022-06-08T21:40:09","slug":"mine-de-perkoa-un-7e-corps-retrouve","status":"publish","type":"post","link":"https:\/\/linitiative.ca\/International\/mine-de-perkoa-un-7e-corps-retrouve\/","title":{"rendered":"Mine de Perkoa : Un 7e corps retrouv\u00e9"},"content":{"rendered":"<div>\n<p><strong>Le conseil des ministres s\u2019est tenu, hier mercredi 8 juin 2022, \u00e0 Ouagadougou, sous la pr\u00e9sidence du chef de l\u2019Etat, Paul- Henri Sandaogo Damiba. Il a examin\u00e9 les dossiers inscrits \u00e0 son ordre du jour, entendu des communications orales et proc\u00e9d\u00e9 \u00e0 des nominations.<\/strong><\/p>\n<p>L\u2019hebdomadaire conseil des ministres s\u2019est tenu, le mercredi 8 juin 2022, sous la pr\u00e9sidence du chef de l\u2019Etat, le lieutenant-colonel Paul- Henri Sandaogo Damiba. Il a examin\u00e9 plusieurs dossiers inscrits \u00e0 son ordre du jour dont un portant statut des notaires au Burkina Faso. L\u2019adoption de ce d\u00e9cret permet, selon le ministre de l\u2019Education nationale, de l\u2019Alphab\u00e9tisation et de la Promotion des langues nationales, porte-parole du gouvernement, Lionel Bilgo, de compl\u00e9ter le dispositif juridique applicable \u00e0 la profession de notaire par la clarification de certaines dispositions de la loi. Toujours au titre du minist\u00e8re de la Justice et des Droits humains charg\u00e9 des Relations avec les institutions, le conseil a pris un d\u00e9cret portant protection des personnes \u00e0 l\u2019\u00e9gard du traitement des donn\u00e9es \u00e0 caract\u00e8re personnel.<\/p>\n<p>Des d\u00e9tails donn\u00e9s par le ministre Bilgo, ce d\u00e9cret vient pr\u00e9ciser les modalit\u00e9s d\u2019application de la loi n\u207001-2021\/AN du 30 mars 2021 et vise \u00e0 assurer une pleine protection des personnes \u00e0 l\u2019\u00e9gard du traitement des donn\u00e9es \u00e0 caract\u00e8re personnel. Le gouvernement a, par ailleurs, autoris\u00e9 la ratification d\u2019un accord de pr\u00eat d\u2019un milliard FCFA pour le financement partiel du Programme int\u00e9gr\u00e9 de d\u00e9veloppement et d\u2019adaptation au changement climatique dans le bassin du Niger. A \u00e9couter le porte-parole du gouvernement, cet accord de pr\u00eat avait \u00e9t\u00e9 conclu depuis le 17 d\u00e9cembre 2021 entre le Burkina Faso et la Banque africaine de d\u00e9veloppement (BAD). Le conseil des ministres a \u00e9galement donn\u00e9 son accord pour la perception de recettes \u00e0 titre de prestations li\u00e9es \u00e0 la d\u00e9livrance de visas d\u2019entr\u00e9e et de permis de s\u00e9jour au Burkina Faso et de la publicit\u00e9 sur la plateforme e-Visas Burkina.<\/p>\n<p>Il s\u2019agit d\u2019une plateforme \u00e9lectronique qui permet la d\u00e9livrance en ligne de visas autorisant l\u2019entr\u00e9e au Burkina Faso pour tout \u00e9tranger qui en fait la demande et la possibilit\u00e9 d\u2019effectuer le r\u00e8glement des frais des prestations sollicit\u00e9es \u00e0 travers une passerelle de paiement. L\u2019adoption de ce d\u00e9cret va permettre une s\u00e9curisation des ressources collect\u00e9es \u00e0 travers la plateforme au profit du budget de l\u2019Etat, foi du ministre Bilgo. Deux d\u00e9crets portant respectivement organisation du minist\u00e8re de l\u2019Agriculture, des Ressources animales et halieutiques et de celui de l\u2019Education nationale ont aussi \u00e9t\u00e9 valid\u00e9s par le gouvernement. De l\u2019avis du ministre en charge de l\u2019\u00e9ducation, ces dispositions vont permettre \u00e0 son d\u00e9partement de mieux assurer ses missions et au minist\u00e8re en charge de l\u2019agriculture de se doter d\u2019un nouvel organigramme.<\/p>\n<p>Une communication orale sur la situation de Perkoa a \u00e9t\u00e9 faite au cours du conseil et a fait \u00e9tat d\u2019un 7e corps retrouv\u00e9 suite aux op\u00e9rations de recherches. Aux dires de Lionel Bilgo, les investigations se poursuivent pour retrouver le dernier corps. Il a, par ailleurs, indiqu\u00e9 qu\u2019une partie des familles des deux personnes \u00e9trang\u00e8res, notamment le p\u00e8re du Tanzanien, est arriv\u00e9e au Burkina et a pu se rendre \u00e0 Perkoa.<\/p>\n<p style=\"text-align: right\"><strong> Nad\u00e8ge YAMEOGO <\/strong><\/p>\n<\/div>\n<p>Auteur: JK. Sidwaya<br \/>\n<a href=\"https:\/\/www.sidwaya.info\/blog\/2022\/06\/08\/mine-de-perkoa-un-7e-corps-retrouve\/\">Cliquez ici pour lire l&rsquo;article depuis sa source.<\/a><\/p>\n","protected":false},"excerpt":{"rendered":"<p>Le conseil des ministres s\u2019est tenu, hier mercredi 8 juin 2022, \u00e0 Ouagadougou, sous la pr\u00e9sidence du chef de l\u2019Etat, Paul- Henri Sandaogo Damiba. Il a examin\u00e9 les dossiers inscrits \u00e0 son ordre du jour, entendu des communications orales et proc\u00e9d\u00e9 \u00e0 des nominations. L\u2019hebdomadaire conseil des ministres s\u2019est tenu, le mercredi 8 juin 2022, [&hellip;]<\/p>\n","protected":false},"author":1816,"featured_media":0,"comment_status":"closed","ping_status":"closed","sticky":false,"template":"","format":"standard","meta":{"fifu_image_url":"","fifu_image_alt":"","footnotes":""},"categories":[73,81],"tags":[],"class_list":["post-149685","post","type-post","status-publish","format-standard","hentry","category-actualite","category-burkina-faso"],"_links":{"self":[{"href":"https:\/\/linitiative.ca\/International\/wp-json\/wp\/v2\/posts\/149685","targetHints":{"allow":["GET"]}}],"collection":[{"href":"https:\/\/linitiative.ca\/International\/wp-json\/wp\/v2\/posts"}],"about":[{"href":"https:\/\/linitiative.ca\/International\/wp-json\/wp\/v2\/types\/post"}],"author":[{"embeddable":true,"href":"https:\/\/linitiative.ca\/International\/wp-json\/wp\/v2\/users\/1816"}],"replies":[{"embeddable":true,"href":"https:\/\/linitiative.ca\/International\/wp-json\/wp\/v2\/comments?post=149685"}],"version-history":[{"count":0,"href":"https:\/\/linitiative.ca\/International\/wp-json\/wp\/v2\/posts\/149685\/revisions"}],"wp:attachment":[{"href":"https:\/\/linitiative.ca\/International\/wp-json\/wp\/v2\/media?parent=149685"}],"wp:term":[{"taxonomy":"category","embeddable":true,"href":"https:\/\/linitiative.ca\/International\/wp-json\/wp\/v2\/categories?post=149685"},{"taxonomy":"post_tag","embeddable":true,"href":"https:\/\/linitiative.ca\/International\/wp-json\/wp\/v2\/tags?post=149685"}],"curies":[{"name":"wp","href":"https:\/\/api.w.org\/{rel}","templated":true}]}}