{"id":149692,"date":"2022-06-08T12:18:03","date_gmt":"2022-06-08T16:18:03","guid":{"rendered":"https:\/\/linitiative.ca\/International\/presidentielle-nigeriane-bola-ahmed-tinubu-candidat-du-parti-au-pouvoir\/"},"modified":"2022-06-08T12:18:03","modified_gmt":"2022-06-08T16:18:03","slug":"presidentielle-nigeriane-bola-ahmed-tinubu-candidat-du-parti-au-pouvoir","status":"publish","type":"post","link":"https:\/\/linitiative.ca\/International\/presidentielle-nigeriane-bola-ahmed-tinubu-candidat-du-parti-au-pouvoir\/","title":{"rendered":"Pr\u00e9sidentielle nig\u00e9riane : Bola Ahmed Tinubu, candidat du parti au pouvoir"},"content":{"rendered":"<div>\n<p><img decoding=\"async\" width=\"1440\" height=\"1068\" src=\"https:\/\/linitiative.ca\/International\/wp-content\/uploads\/sites\/23\/2022\/06\/16547050835626.jpg\" class=\"attachment-post-thumbnail size-post-thumbnail wp-post-image\" alt=\"\" loading=\"lazy\" srcset=\"https:\/\/linitiative.ca\/International\/wp-content\/uploads\/sites\/23\/2022\/06\/16547050835626.jpg 1440w, https:\/\/www.journalducameroun.com\/wp-content\/uploads\/2022\/06\/16547050835626-300x223.jpg 300w, https:\/\/www.journalducameroun.com\/wp-content\/uploads\/2022\/06\/16547050835626-1024x759.jpg 1024w, https:\/\/www.journalducameroun.com\/wp-content\/uploads\/2022\/06\/16547050835626-768x570.jpg 768w, https:\/\/www.journalducameroun.com\/wp-content\/uploads\/2022\/06\/16547050835626-593x440.jpg 593w, https:\/\/www.journalducameroun.com\/wp-content\/uploads\/2022\/06\/16547050835626-600x445.jpg 600w\" sizes=\"auto, (max-width: 1440px) 100vw, 1440px\"><\/p>\n<p>L&rsquo;ancien gouverneur de l&rsquo;Etat de Lagos a remport\u00e9 la primaire organis\u00e9 par le Congr\u00e8s des Progressistes (APC, sigle anglais).Bola Ahmed Tinubu a largement domin\u00e9 l&rsquo;actuel vice-pr\u00e9sident Yemi Osinbajo, l&rsquo;ancien ministre des Transports Rotimi Amaechi et le pr\u00e9sident du S\u00e9nat Ahmad Lawan en recueillant le suffrage de 1271 d\u00e9l\u00e9gu\u00e9s du Congr\u00e8s des Progressistes (APC) sur les 2300 r\u00e9unis \u00e0 Abuja, la capitale f\u00e9d\u00e9rale.\u00a0<\/p>\n<p>A la pr\u00e9sidentielle de 2023, le chef historique de l&rsquo;APC affrontera l&rsquo;exp\u00e9riment\u00e9 Atiku Abubakar, ancien vice-pr\u00e9sident du Nigeria et candidat du Parti D\u00e9mocratique Populaire (PDP), principale formation d&rsquo;opposition.<\/p>\n<p>Richissime homme d&rsquo;affaires, Atiku Abubakar brigue la magistrature supr\u00eame du pays le plus peupl\u00e9 d&rsquo;Afrique pour la sixi\u00e8me fois.<\/p>\n<p>Cet article <a rel=\"nofollow\" href=\"https:\/\/www.journalducameroun.com\/presidentielle-nigeriane-bola-ahmed-tinubu-candidat-du-parti-au-pouvoir\/\">Pr\u00e9sidentielle nig\u00e9riane : Bola Ahmed Tinubu, candidat du parti au pouvoir<\/a> est apparu en premier sur <a rel=\"nofollow\" href=\"https:\/\/www.journalducameroun.com\/\">Journal du Cameroun<\/a>.<\/p>\n<\/div>\n<p>Auteur: APA News<br \/>\n<a href=\"https:\/\/www.journalducameroun.com\/presidentielle-nigeriane-bola-ahmed-tinubu-candidat-du-parti-au-pouvoir\/\">Cliquez ici pour lire l&rsquo;article depuis sa source.<\/a><\/p>\n","protected":false},"excerpt":{"rendered":"<p>L&rsquo;ancien gouverneur de l&rsquo;Etat de Lagos a remport\u00e9 la primaire organis\u00e9 par le Congr\u00e8s des Progressistes (APC, sigle anglais).Bola Ahmed Tinubu a largement domin\u00e9 l&rsquo;actuel vice-pr\u00e9sident Yemi Osinbajo, l&rsquo;ancien ministre des Transports Rotimi Amaechi et le pr\u00e9sident du S\u00e9nat Ahmad Lawan en recueillant le suffrage de 1271 d\u00e9l\u00e9gu\u00e9s du Congr\u00e8s des Progressistes (APC) sur les [&hellip;]<\/p>\n","protected":false},"author":1965,"featured_media":0,"comment_status":"closed","ping_status":"closed","sticky":false,"template":"","format":"standard","meta":{"fifu_image_url":"https:\/\/www.journalducameroun.com\/wp-content\/uploads\/2022\/06\/16547050835626.jpg","fifu_image_alt":"Pr\u00e9sidentielle nig\u00e9riane : Bola Ahmed Tinubu, candidat du parti au pouvoir","footnotes":""},"categories":[73,82],"tags":[],"class_list":["post-149692","post","type-post","status-publish","format-standard","hentry","category-actualite","category-cameroun"],"_links":{"self":[{"href":"https:\/\/linitiative.ca\/International\/wp-json\/wp\/v2\/posts\/149692","targetHints":{"allow":["GET"]}}],"collection":[{"href":"https:\/\/linitiative.ca\/International\/wp-json\/wp\/v2\/posts"}],"about":[{"href":"https:\/\/linitiative.ca\/International\/wp-json\/wp\/v2\/types\/post"}],"author":[{"embeddable":true,"href":"https:\/\/linitiative.ca\/International\/wp-json\/wp\/v2\/users\/1965"}],"replies":[{"embeddable":true,"href":"https:\/\/linitiative.ca\/International\/wp-json\/wp\/v2\/comments?post=149692"}],"version-history":[{"count":0,"href":"https:\/\/linitiative.ca\/International\/wp-json\/wp\/v2\/posts\/149692\/revisions"}],"wp:attachment":[{"href":"https:\/\/linitiative.ca\/International\/wp-json\/wp\/v2\/media?parent=149692"}],"wp:term":[{"taxonomy":"category","embeddable":true,"href":"https:\/\/linitiative.ca\/International\/wp-json\/wp\/v2\/categories?post=149692"},{"taxonomy":"post_tag","embeddable":true,"href":"https:\/\/linitiative.ca\/International\/wp-json\/wp\/v2\/tags?post=149692"}],"curies":[{"name":"wp","href":"https:\/\/api.w.org\/{rel}","templated":true}]}}