{"id":149694,"date":"2022-06-08T13:18:03","date_gmt":"2022-06-08T17:18:03","guid":{"rendered":"https:\/\/linitiative.ca\/International\/rdc-le-roi-des-belges-sexcuse-pour-le-passe-colonial\/"},"modified":"2022-06-08T13:18:03","modified_gmt":"2022-06-08T17:18:03","slug":"rdc-le-roi-des-belges-sexcuse-pour-le-passe-colonial","status":"publish","type":"post","link":"https:\/\/linitiative.ca\/International\/rdc-le-roi-des-belges-sexcuse-pour-le-passe-colonial\/","title":{"rendered":"RDC : le roi des Belges \u00abs\u2019excuse\u00bb pour le pass\u00e9 colonial"},"content":{"rendered":"<div>\n<p><img decoding=\"async\" width=\"922\" height=\"493\" src=\"https:\/\/linitiative.ca\/International\/wp-content\/uploads\/sites\/23\/2022\/06\/16547086838066.jpg\" class=\"attachment-post-thumbnail size-post-thumbnail wp-post-image\" alt=\"\" loading=\"lazy\" srcset=\"https:\/\/linitiative.ca\/International\/wp-content\/uploads\/sites\/23\/2022\/06\/16547086838066.jpg 922w, https:\/\/www.journalducameroun.com\/wp-content\/uploads\/2022\/06\/16547086838066-300x160.jpg 300w, https:\/\/www.journalducameroun.com\/wp-content\/uploads\/2022\/06\/16547086838066-768x411.jpg 768w, https:\/\/www.journalducameroun.com\/wp-content\/uploads\/2022\/06\/16547086838066-823x440.jpg 823w, https:\/\/www.journalducameroun.com\/wp-content\/uploads\/2022\/06\/16547086838066-600x321.jpg 600w\" sizes=\"auto, (max-width: 922px) 100vw, 922px\"><\/p>\n<p>Le roi Philippe a encore r\u00e9affirm\u00e9 de vive voix ses \u00absinc\u00e8res regrets\u00bb et ses \u00ab excuses \u00bb \u00e0 la R\u00e9publique d\u00e9mocratique du Congo, ancienne colonie de la Belgique.\u00ab Le r\u00e9gime colonial comme tel, \u00e9tait bas\u00e9 sur l&rsquo;exploitation et la domination. Ce r\u00e9gime \u00e9tait celui d&rsquo;une relation in\u00e9gale et injustifiable, marqu\u00e9 par le paternalisme, les discriminations et le racisme \u00bb. Le discours du roi Philippe est \u00e0 la hauteur des \u00ab atrocit\u00e9s \u00bb commises par son anc\u00eatre L\u00e9opold II au Congo belge, qu&rsquo;il avait transform\u00e9 en \u00ab propri\u00e9t\u00e9 personnelle \u00bb entre 1885 et 1908, avant d&rsquo;en faire une colonie belge, jusqu&rsquo;\u00e0 l&rsquo;ind\u00e9pendance en 1960<\/p>\n<p>Cette visite officielle de six jours du roi des Belges en R\u00e9publique d\u00e9mocratique du Congo (RDC), deuxi\u00e8me pays le vaste du continent (2,35 millions de km\u00b2), intervient deux ans apr\u00e8s sa lettre d&rsquo;excuse adress\u00e9e au pr\u00e9sident congolais F\u00e9lix Tshisekedi, lors des 60 ans d&rsquo;ind\u00e9pendance de la RDC, pour exprimer ses \u00ab profonds regrets \u00bb et les \u00ab blessures du pass\u00e9. \u00bb<\/p>\n<p>\u00abBien que de nombreux Belges se soient sinc\u00e8rement investis, aimant profond\u00e9ment le Congo et ses habitants, le r\u00e9gime colonial (\u2026) a donn\u00e9 lieu \u00e0 des exactions et des humiliations\u00bb, a reconnu le roi dans un premier discours prononc\u00e9 mardi lors de son arriv\u00e9e \u00e0 Kinshasa.<\/p>\n<p>Cette visite royale est la premi\u00e8re depuis celle en 2010 d&rsquo;Albert II, p\u00e8re de Philippe. Elle a \u00e9t\u00e9 deux fois report\u00e9e, en 2020 \u00e0 cause de la pand\u00e9mie de Covid-19 puis au d\u00e9but de cette ann\u00e9e en raison de la guerre d\u00e9clench\u00e9e par la Russie en Ukraine.<\/p>\n<p>Le souverain esp\u00e8re par ce voyage symbolique, clore un chapitre douloureux entre les deux pays et sceller la r\u00e9conciliation entre la Belgique et son ancienne colonie.<\/p>\n<p>Une grande partie de l&rsquo;opinion publique congolaise a exprim\u00e9 sa \u00ab\u00a0col\u00e8re \u00bb et son \u00ab amertume\u00a0\u00bb pour les \u00ab douleurs du pass\u00e9\u00a0\u00bb. Certains r\u00e9clament des r\u00e9parations pour les souffrances endur\u00e9es et les \u00ab\u00a0pillages\u00a0\u00bb des richesses de la RD Congo.<\/p>\n<p>Le roi Philippe qui r\u00e8gne sur le Belgique depuis 2013, a reconnu les \u00abactes de violence et de cruaut\u00e9\u00bb, commis \u00e0 l&rsquo;\u00e9poque o\u00f9 son anc\u00eatre L\u00e9opold II. D&rsquo;apr\u00e8s les historiens, la domination coloniale belge se serait sold\u00e9e par la mort de plusieurs millions de personnes. \u00abNous n&rsquo;oublions pas le pass\u00e9, nous regardons l&rsquo;avenir\u00bb, a exprim\u00e9 le porte-parole du gouvernement congolais, Patrick Muyaya.<\/p>\n<p>Le roi Philippe et son \u00e9pouse Mathilde ont visit\u00e9 ce mercredi le mus\u00e9e national o\u00f9 il prononcera un discours sur l&rsquo;esplanade de l&rsquo;Assembl\u00e9e nationale. Ils se d\u00e9placeront ensuite \u00e0 Lubumbashi dans le Sud-Est minier, vendredi \u00e0 la rencontre des \u00e9tudiants de l&rsquo;universit\u00e9, avant de rallier Bukavu, dans l&rsquo;Est, r\u00e9gion en proie depuis pr\u00e8s de trois d\u00e9cennies aux violences de groupes arm\u00e9s.<\/p>\n<p>Sur le plan \u00e9conomique, la Belgique veut proposer un nouveau type de partenariat gagnant-gagnant. Le gouvernement belge compte ainsi restituer \u00ab des \u0153uvres d&rsquo;art \u00e0 l&rsquo;ancienne colonie\u00a0\u00bb belge.<\/p>\n<p>L&rsquo;aide au d\u00e9veloppement sera aussi au c\u0153ur de cette visite entre le roi Philippe et F\u00e9lix Tshisekedi puisque la Belgique est le quatri\u00e8me bailleur de fonds de la RDC apr\u00e8s les Etats-Unis, le Royaume Uni et l&rsquo;Allemagne.<\/p>\n<p>Cet article <a rel=\"nofollow\" href=\"https:\/\/www.journalducameroun.com\/rdc-le-roi-des-belges-sexcuse-pour-le-passe-colonial\/\">RDC : le roi des Belges \u00abs\u2019excuse\u00bb pour le pass\u00e9 colonial<\/a> est apparu en premier sur <a rel=\"nofollow\" href=\"https:\/\/www.journalducameroun.com\/\">Journal du Cameroun<\/a>.<\/p>\n<\/div>\n<p>Auteur: APA News<br \/>\n<a href=\"https:\/\/www.journalducameroun.com\/rdc-le-roi-des-belges-sexcuse-pour-le-passe-colonial\/\">Cliquez ici pour lire l&rsquo;article depuis sa source.<\/a><\/p>\n","protected":false},"excerpt":{"rendered":"<p>Le roi Philippe a encore r\u00e9affirm\u00e9 de vive voix ses \u00absinc\u00e8res regrets\u00bb et ses \u00ab excuses \u00bb \u00e0 la R\u00e9publique d\u00e9mocratique du Congo, ancienne colonie de la Belgique.\u00ab Le r\u00e9gime colonial comme tel, \u00e9tait bas\u00e9 sur l&rsquo;exploitation et la domination. Ce r\u00e9gime \u00e9tait celui d&rsquo;une relation in\u00e9gale et injustifiable, marqu\u00e9 par le paternalisme, les discriminations [&hellip;]<\/p>\n","protected":false},"author":1965,"featured_media":0,"comment_status":"closed","ping_status":"closed","sticky":false,"template":"","format":"standard","meta":{"fifu_image_url":"https:\/\/www.journalducameroun.com\/wp-content\/uploads\/2022\/06\/16547086838066.jpg","fifu_image_alt":"RDC : le roi des Belges \u00abs\u2019excuse\u00bb pour le pass\u00e9 colonial","footnotes":""},"categories":[73,82],"tags":[],"class_list":["post-149694","post","type-post","status-publish","format-standard","hentry","category-actualite","category-cameroun"],"_links":{"self":[{"href":"https:\/\/linitiative.ca\/International\/wp-json\/wp\/v2\/posts\/149694","targetHints":{"allow":["GET"]}}],"collection":[{"href":"https:\/\/linitiative.ca\/International\/wp-json\/wp\/v2\/posts"}],"about":[{"href":"https:\/\/linitiative.ca\/International\/wp-json\/wp\/v2\/types\/post"}],"author":[{"embeddable":true,"href":"https:\/\/linitiative.ca\/International\/wp-json\/wp\/v2\/users\/1965"}],"replies":[{"embeddable":true,"href":"https:\/\/linitiative.ca\/International\/wp-json\/wp\/v2\/comments?post=149694"}],"version-history":[{"count":0,"href":"https:\/\/linitiative.ca\/International\/wp-json\/wp\/v2\/posts\/149694\/revisions"}],"wp:attachment":[{"href":"https:\/\/linitiative.ca\/International\/wp-json\/wp\/v2\/media?parent=149694"}],"wp:term":[{"taxonomy":"category","embeddable":true,"href":"https:\/\/linitiative.ca\/International\/wp-json\/wp\/v2\/categories?post=149694"},{"taxonomy":"post_tag","embeddable":true,"href":"https:\/\/linitiative.ca\/International\/wp-json\/wp\/v2\/tags?post=149694"}],"curies":[{"name":"wp","href":"https:\/\/api.w.org\/{rel}","templated":true}]}}