{"id":149697,"date":"2022-06-08T15:18:03","date_gmt":"2022-06-08T19:18:03","guid":{"rendered":"https:\/\/linitiative.ca\/International\/ouverture-prochaine-dun-consulat-general-du-cap-vert-a-dakhla\/"},"modified":"2022-06-08T15:18:03","modified_gmt":"2022-06-08T19:18:03","slug":"ouverture-prochaine-dun-consulat-general-du-cap-vert-a-dakhla","status":"publish","type":"post","link":"https:\/\/linitiative.ca\/International\/ouverture-prochaine-dun-consulat-general-du-cap-vert-a-dakhla\/","title":{"rendered":"Ouverture prochaine d\u2019un consulat g\u00e9n\u00e9ral du Cap-Vert \u00e0 Dakhla"},"content":{"rendered":"<div>\n<p><img decoding=\"async\" width=\"1599\" height=\"1066\" src=\"https:\/\/linitiative.ca\/International\/wp-content\/uploads\/sites\/23\/2022\/06\/16547158845949.jpg\" class=\"attachment-post-thumbnail size-post-thumbnail wp-post-image\" alt=\"\" loading=\"lazy\" srcset=\"https:\/\/linitiative.ca\/International\/wp-content\/uploads\/sites\/23\/2022\/06\/16547158845949.jpg 1599w, https:\/\/www.journalducameroun.com\/wp-content\/uploads\/2022\/06\/16547158845949-300x200.jpg 300w, https:\/\/www.journalducameroun.com\/wp-content\/uploads\/2022\/06\/16547158845949-1024x683.jpg 1024w, https:\/\/www.journalducameroun.com\/wp-content\/uploads\/2022\/06\/16547158845949-768x512.jpg 768w, https:\/\/www.journalducameroun.com\/wp-content\/uploads\/2022\/06\/16547158845949-1536x1024.jpg 1536w, https:\/\/www.journalducameroun.com\/wp-content\/uploads\/2022\/06\/16547158845949-660x440.jpg 660w, https:\/\/www.journalducameroun.com\/wp-content\/uploads\/2022\/06\/16547158845949-600x400.jpg 600w\" sizes=\"auto, (max-width: 1599px) 100vw, 1599px\"><\/p>\n<p>Le ministre capverdien des Affaires \u00e9trang\u00e8res, de la coop\u00e9ration et de l&rsquo;int\u00e9gration r\u00e9gionale, Rui Alberto De Figueiredo Soares, a annonc\u00e9, mercredi \u00e0 Rabat, l&rsquo;ouverture prochaine d&rsquo;un consulat g\u00e9n\u00e9ral de son pays \u00e0 Dakhla.Dans un communiqu\u00e9 conjoint rendu public \u00e0 l&rsquo;issue de ses entretiens avec son homologue marocain, Nasser Bourita, en marge des travaux de la premi\u00e8re Conf\u00e9rence minist\u00e9rielle des \u00c9tats africains atlantiques, le chef de la diplomatie capverdienne a \u00e9galement annonc\u00e9 l&rsquo;installation imminente d&rsquo;une ambassade r\u00e9sidente de la R\u00e9publique du Cap-Vert \u00e0 Rabat.<\/p>\n<p>Se f\u00e9licitant de cette d\u00e9cision, M. Bourita a remerci\u00e9 la partie capverdienne pour son appui \u00e0 la marocanit\u00e9 du Sahara et rappel\u00e9 la participation louable de la R\u00e9publique du Cap-Vert, au niveau de son ambassadeur \u00e0 Dakar, \u00e0 la Conf\u00e9rence minist\u00e9rielle africaine sur l&rsquo;appui de l&rsquo;Union africaine au Processus politique des Nations unies sur le diff\u00e9rend r\u00e9gional du Sahara, tenue \u00e0 Marrakech le 25 mars 2019.<\/p>\n<p>Par ailleurs, le ministre marocain a soulign\u00e9 que le Royaume est dispos\u00e9 \u00e0 apporter sa contribution aux efforts de d\u00e9veloppement socio-\u00e9conomique en R\u00e9publique de Cabo Verde, notamment dans les secteurs prioritaires tels que l&rsquo;agriculture, la p\u00eache, le tourisme, l&rsquo;habitat et construction, la formation professionnelle et les \u00e9nergies.<\/p>\n<p>Il a \u00e9galement souligne la disponibilit\u00e9 du Royaume du Maroc a contribuer au renforcement de l&rsquo;int\u00e9gration de Cabo Verde dans la CEDEAO, tenant compte de ses sp\u00e9cificit\u00e9s en tant que pays insulaire.<\/p>\n<p>Les deux Ministres ont soulign\u00e9 que le Maroc et Cabo Verde sont anim\u00e9s par la volont\u00e9 de d\u00e9velopper un partenariat \u00e9conomique mutuellement b\u00e9n\u00e9fique. Ils ont appel\u00e9 \u00e0 un ambitieux partenariat Public Priv\u00e9 (PPP) entre les deux pays \u00e0 m\u00eame de servir de mod\u00e8le de coop\u00e9ration Sud-Sud dans le Continent.<\/p>\n<p>A cet \u00e9gard, ils ont appel\u00e9 les secteurs priv\u00e9s des deux pays \u00e0 explorer les opportunit\u00e9s d&rsquo;\u00e9changes \u00e9conomiques et d&rsquo;investissements, invitant les d\u00e9partements concern\u00e9s des deux pays \u00e0 mettre en place des comit\u00e9s pour assurer le suivi et la mise en \u0153uvre de ces projets.<\/p>\n<p>Les deux parties ont r\u00e9affirm\u00e9 l&rsquo;engagement de leurs Chefs d&rsquo;\u00c9tat et de Gouvernement \u00e0 travailler ensemble \u00e0 la recherche d&rsquo;une paix durable et d&rsquo;un d\u00e9veloppement \u00e9conomique sur le continent dans le contexte et la mise en \u0153uvre de la zone de libre-\u00e9change continentale africaine (ZLECAF).<\/p>\n<p>Sur le plan multilat\u00e9ral, ils se sont engag\u00e9s \u00e0 une meilleure coordination de leurs actions et un soutien mutuel, dans les instances r\u00e9gionales et internationales, pour lutter contre ces fl\u00e9aux et cr\u00e9er ainsi les conditions favorables \u00e0 la paix et \u00e0 la s\u00e9curit\u00e9 r\u00e9gionale et internationale et au d\u00e9veloppement \u00e9conomique du continent africain.<\/p>\n<p>Sur cette base, les deux parties ont convenu \u00e0 appuyer, de mani\u00e8re concert\u00e9e et mutuelle, les candidatures marocaines et caboverdiennes au niveau des instances r\u00e9gionales et internationales.<\/p>\n<p>Les deux ministres ont convenu d&rsquo;instruire leurs Repr\u00e9sentants Permanents \u00e0 New York, Gen\u00e8ve et l&rsquo;Union Africaine afin de coordonner leurs actions et d\u00e9cisions concernant les sujets d&rsquo;int\u00e9r\u00eat commun.<\/p>\n<p>Les deux parties ont convenu de tenir, \u00e0 Praia, dans les meilleurs d\u00e9lais, la deuxi\u00e8me session de la Commission mixte de coop\u00e9ration maroco-caboverdienne, \u00e0 une date qui sera arr\u00eat\u00e9e d&rsquo;un commun accord par voie diplomatique.<\/p>\n<p>Cet article <a rel=\"nofollow\" href=\"https:\/\/www.journalducameroun.com\/ouverture-prochaine-dun-consulat-general-du-cap-vert-a-dakhla\/\">Ouverture prochaine d\u2019un consulat g\u00e9n\u00e9ral du Cap-Vert \u00e0 Dakhla<\/a> est apparu en premier sur <a rel=\"nofollow\" href=\"https:\/\/www.journalducameroun.com\/\">Journal du Cameroun<\/a>.<\/p>\n<\/div>\n<p>Auteur: APA News<br \/>\n<a href=\"https:\/\/www.journalducameroun.com\/ouverture-prochaine-dun-consulat-general-du-cap-vert-a-dakhla\/\">Cliquez ici pour lire l&rsquo;article depuis sa source.<\/a><\/p>\n","protected":false},"excerpt":{"rendered":"<p>Le ministre capverdien des Affaires \u00e9trang\u00e8res, de la coop\u00e9ration et de l&rsquo;int\u00e9gration r\u00e9gionale, Rui Alberto De Figueiredo Soares, a annonc\u00e9, mercredi \u00e0 Rabat, l&rsquo;ouverture prochaine d&rsquo;un consulat g\u00e9n\u00e9ral de son pays \u00e0 Dakhla.Dans un communiqu\u00e9 conjoint rendu public \u00e0 l&rsquo;issue de ses entretiens avec son homologue marocain, Nasser Bourita, en marge des travaux de la [&hellip;]<\/p>\n","protected":false},"author":1965,"featured_media":0,"comment_status":"closed","ping_status":"closed","sticky":false,"template":"","format":"standard","meta":{"fifu_image_url":"https:\/\/www.journalducameroun.com\/wp-content\/uploads\/2022\/06\/16547158845949.jpg","fifu_image_alt":"Ouverture prochaine d\u2019un consulat g\u00e9n\u00e9ral du Cap-Vert \u00e0 Dakhla","footnotes":""},"categories":[73,82],"tags":[],"class_list":["post-149697","post","type-post","status-publish","format-standard","hentry","category-actualite","category-cameroun"],"_links":{"self":[{"href":"https:\/\/linitiative.ca\/International\/wp-json\/wp\/v2\/posts\/149697","targetHints":{"allow":["GET"]}}],"collection":[{"href":"https:\/\/linitiative.ca\/International\/wp-json\/wp\/v2\/posts"}],"about":[{"href":"https:\/\/linitiative.ca\/International\/wp-json\/wp\/v2\/types\/post"}],"author":[{"embeddable":true,"href":"https:\/\/linitiative.ca\/International\/wp-json\/wp\/v2\/users\/1965"}],"replies":[{"embeddable":true,"href":"https:\/\/linitiative.ca\/International\/wp-json\/wp\/v2\/comments?post=149697"}],"version-history":[{"count":0,"href":"https:\/\/linitiative.ca\/International\/wp-json\/wp\/v2\/posts\/149697\/revisions"}],"wp:attachment":[{"href":"https:\/\/linitiative.ca\/International\/wp-json\/wp\/v2\/media?parent=149697"}],"wp:term":[{"taxonomy":"category","embeddable":true,"href":"https:\/\/linitiative.ca\/International\/wp-json\/wp\/v2\/categories?post=149697"},{"taxonomy":"post_tag","embeddable":true,"href":"https:\/\/linitiative.ca\/International\/wp-json\/wp\/v2\/tags?post=149697"}],"curies":[{"name":"wp","href":"https:\/\/api.w.org\/{rel}","templated":true}]}}