{"id":149703,"date":"2022-06-08T13:34:51","date_gmt":"2022-06-08T17:34:51","guid":{"rendered":"https:\/\/linitiative.ca\/International\/quatre-entreprises-autorisees-a-importer-42-000-tonnes-de-sucre-granule-en-2022\/"},"modified":"2022-06-08T13:34:51","modified_gmt":"2022-06-08T17:34:51","slug":"quatre-entreprises-autorisees-a-importer-42-000-tonnes-de-sucre-granule-en-2022","status":"publish","type":"post","link":"https:\/\/linitiative.ca\/International\/quatre-entreprises-autorisees-a-importer-42-000-tonnes-de-sucre-granule-en-2022\/","title":{"rendered":"Quatre entreprises autoris\u00e9es \u00e0 importer 42 000 tonnes de sucre granul\u00e9\u00a0\u00a0en 2022"},"content":{"rendered":"<div>\n<p>Avec une production annuelle de 130.000 tonnes de sucre, le Cameroun reste fortement d\u00e9pendant des importations en sucre granul\u00e9 du fait des besoins de plus en plus importants du march\u00e9 int\u00e9rieur et sous-r\u00e9gional. Pour \u00e9quilibrer l\u2019offre et la demande dans ce secteur, le gouvernement proc\u00e8de r\u00e9guli\u00e8rement \u00e0 des entr\u00e9es massives de ce produit de grande consommation. Pour l\u2019ann\u00e9e 2022, c\u2019est un total de 42.000 tonnes qui sera import\u00e9 sur le march\u00e9 local. Une note de Ferdinand Ngoh Ngoh, le ministre d\u2019\u00c9tat, Secr\u00e9taire g\u00e9n\u00e9ral de la pr\u00e9sidence de la R\u00e9publique, adress\u00e9e, le 3 juin 2022, au ministre du Commerce, Luc Magloire Mbarga Atangana, autorise en effet l\u2019importation au titre de l\u2019exercice 2022 de ce volume de sucre granul\u00e9 destin\u00e9, \u00ab\u00e0 la consommation directe des m\u00e9nages\u00bb, pr\u00e9cise la note.<\/p>\n<p><strong>Lire aussi : <a href=\"https:\/\/ecomatin.net\/sosucam-sassocie-a-la-douane-pour-tordre-le-cou-au-sucre-de-contrebandee\/\" target=\"_blank\" rel=\"noreferrer noopener\">Sosucam s\u2019associe \u00e0 la douane pour tordre le cou au sucre de contrebande<\/a><\/strong><\/p>\n<p>Quatre importateurs ont \u00e9t\u00e9 s\u00e9lectionn\u00e9s dans le cadre de cette op\u00e9ration. Il s\u2019agit du groupe Ketcha, de la soci\u00e9t\u00e9 Essong SARL, du Collectif des importateurs du Nord-ouest et du Sud- ouest, et de la soci\u00e9t\u00e9 Liman &amp; Fils, bas\u00e9e dans la ville de Maroua. D\u2019apr\u00e8s la r\u00e9partition des quotas d\u2019importation, le groupe Ketcha b\u00e9n\u00e9ficie d\u2019une autorisation \u00e9quivalente \u00e0 un volume de 15.000 tonnes de sucre granul\u00e9. La soci\u00e9t\u00e9 Essong SARL est autoris\u00e9e \u00e0 hauteur de 7.000 tonnes, le Collectif des importateurs du Nord-ouest et du Sud- ouest 15.000 tonnes, et 5000 tonnes pour la soci\u00e9t\u00e9 Liman &amp; Fils. La valeur mercuriale appliqu\u00e9e sur ces importations est fix\u00e9e \u00e0 264 351 FCFA, sur la base du taux r\u00e9duit de droits de douane de 10%.<\/p>\n<p><strong>Lire aussi : <a href=\"https:\/\/ecomatin.net\/mois-de-ramadan-alerte-sur-la-disponibilite-des-produits-de-grande-consommation\/\" target=\"_blank\" rel=\"noreferrer noopener\">Mois de ramadan\u00a0: alerte sur la disponibilit\u00e9 des produits de grande consommation<\/a><\/strong><\/p>\n<p>Quant au taux normal de la Taxe sur la valeur ajout\u00e9e (TVA), il est fix\u00e9 \u00e0 hauteur de 19,25%. Cette autorisation intervient dans un contexte marqu\u00e9 par la r\u00e9cente interdiction de l\u2019exportation de certains produits vers les pays de la sous-r\u00e9gion Afrique centrale, dont le sucre. Ce, afin de pr\u00e9server la production locale. Les importations annonc\u00e9es proviennent essentiellement du Br\u00e9sil, de l\u2019Inde, de l\u2019Union Europ\u00e9enne ou de la Chine.<\/p>\n<p><strong>Lire aussi : <a href=\"https:\/\/ecomatin.net\/sosucam-suspend-temporairement-les-activites-de-son-n-usine-de-mbandjock\/\" target=\"_blank\" rel=\"noreferrer noopener\">Sosucam suspend temporairement les activit\u00e9s de son usine de Mbandjock<\/a><\/strong><\/p>\n<p>L\u2019article <a rel=\"nofollow\" href=\"https:\/\/ecomatin.net\/quatre-entreprises-autorisees-a-importer-42-000-tonnes-de-sucre-granule-en-2022\/\">Quatre entreprises autoris\u00e9es \u00e0 importer 42 000 tonnes de sucre granul\u00e9\u00a0\u00a0en 2022<\/a> est apparu en premier sur <a rel=\"nofollow\" href=\"https:\/\/ecomatin.net\/\">EcoMatin<\/a>.<\/p>\n<\/div>\n<p>Auteur: Georges Semey<br \/>\n<a href=\"https:\/\/ecomatin.net\/quatre-entreprises-autorisees-a-importer-42-000-tonnes-de-sucre-granule-en-2022\/\">Cliquez ici pour lire l&rsquo;article depuis sa source.<\/a><\/p>\n","protected":false},"excerpt":{"rendered":"<p>Avec une production annuelle de 130.000 tonnes de sucre, le Cameroun reste fortement d\u00e9pendant des importations en sucre granul\u00e9 du fait des besoins de plus en plus importants du march\u00e9 int\u00e9rieur et sous-r\u00e9gional. Pour \u00e9quilibrer l\u2019offre et la demande dans ce secteur, le gouvernement proc\u00e8de r\u00e9guli\u00e8rement \u00e0 des entr\u00e9es massives de ce produit de grande [&hellip;]<\/p>\n","protected":false},"author":1969,"featured_media":0,"comment_status":"closed","ping_status":"closed","sticky":false,"template":"","format":"standard","meta":{"fifu_image_url":"","fifu_image_alt":"","footnotes":""},"categories":[82,78],"tags":[],"class_list":["post-149703","post","type-post","status-publish","format-standard","hentry","category-cameroun","category-economie"],"_links":{"self":[{"href":"https:\/\/linitiative.ca\/International\/wp-json\/wp\/v2\/posts\/149703","targetHints":{"allow":["GET"]}}],"collection":[{"href":"https:\/\/linitiative.ca\/International\/wp-json\/wp\/v2\/posts"}],"about":[{"href":"https:\/\/linitiative.ca\/International\/wp-json\/wp\/v2\/types\/post"}],"author":[{"embeddable":true,"href":"https:\/\/linitiative.ca\/International\/wp-json\/wp\/v2\/users\/1969"}],"replies":[{"embeddable":true,"href":"https:\/\/linitiative.ca\/International\/wp-json\/wp\/v2\/comments?post=149703"}],"version-history":[{"count":0,"href":"https:\/\/linitiative.ca\/International\/wp-json\/wp\/v2\/posts\/149703\/revisions"}],"wp:attachment":[{"href":"https:\/\/linitiative.ca\/International\/wp-json\/wp\/v2\/media?parent=149703"}],"wp:term":[{"taxonomy":"category","embeddable":true,"href":"https:\/\/linitiative.ca\/International\/wp-json\/wp\/v2\/categories?post=149703"},{"taxonomy":"post_tag","embeddable":true,"href":"https:\/\/linitiative.ca\/International\/wp-json\/wp\/v2\/tags?post=149703"}],"curies":[{"name":"wp","href":"https:\/\/api.w.org\/{rel}","templated":true}]}}