{"id":149704,"date":"2022-06-09T08:00:29","date_gmt":"2022-06-09T12:00:29","guid":{"rendered":"https:\/\/linitiative.ca\/International\/larache-veut-reussir-sa-saison-estivale\/"},"modified":"2022-06-09T08:00:29","modified_gmt":"2022-06-09T12:00:29","slug":"larache-veut-reussir-sa-saison-estivale","status":"publish","type":"post","link":"https:\/\/linitiative.ca\/International\/larache-veut-reussir-sa-saison-estivale\/","title":{"rendered":"Larache veut r\u00e9ussir sa saison estivale"},"content":{"rendered":"<div>\n<p><img decoding=\"async\" width=\"300\" height=\"153\" src=\"https:\/\/linitiative.ca\/International\/wp-content\/uploads\/sites\/23\/2022\/06\/1-operation-de-l_embellissement-de-la-plage-de-Ras-Rm-300x153-1.png\" class=\"attachment-medium size-medium wp-post-image\" alt=\"\" loading=\"lazy\" srcset=\"https:\/\/linitiative.ca\/International\/wp-content\/uploads\/sites\/23\/2022\/06\/1-operation-de-l_embellissement-de-la-plage-de-Ras-Rm-300x153-1.png 300w, https:\/\/aujourdhui.ma\/wp-content\/uploads\/2022\/06\/1-operation-de-l_embellissement-de-la-plage-de-Ras-Rm-274x140.png 274w, https:\/\/aujourdhui.ma\/wp-content\/uploads\/2022\/06\/1-operation-de-l_embellissement-de-la-plage-de-Ras-Rm.png 746w, https:\/\/aujourdhui.ma\/wp-content\/uploads\/2022\/06\/1-operation-de-l_embellissement-de-la-plage-de-Ras-Rm-165x84.png 165w, https:\/\/aujourdhui.ma\/wp-content\/uploads\/2022\/06\/1-operation-de-l_embellissement-de-la-plage-de-Ras-Rm-702x358.png 702w\" sizes=\"auto, (max-width: 300px) 100vw, 300px\"><\/p>\n<p><span style=\"color: #800000;\"><strong>Nettoyage de la plage Ras Rmel, r\u00e9habilitation des fontaines\u2026<\/strong><\/span><\/p>\n<p><span id=\"more-410215\"><\/span><\/p>\n<p>A l\u2019instar des principales destinations baln\u00e9aires du Nord, Larache met les bouch\u00e9es doubles afin d\u2019\u00eatre pr\u00eate pour la saison estivale 2022. Dans ce sens, une s\u00e9rie de r\u00e9unions a eu lieu entre les autorit\u00e9s locales et les diff\u00e9rents autres intervenants, dont la Protection civile, la Sant\u00e9, l\u2019Office national de s\u00e9curit\u00e9 sanitaire des produits alimentaires, la R\u00e9gie autonome intercommunale de distribution d\u2019eau et d\u2019\u00e9lectricit\u00e9, \u2026, pour discuter des derniers pr\u00e9paratifs ainsi que de l\u2019organisation de la saison de baignade dans la plage de Ras Rmel parmi les plus pris\u00e9es sur l\u2019oc\u00e9an Atlantique. Pour aider Larache \u00e0 reprendre son ambiance festive d\u2019\u00e9t\u00e9, toutes les parties prenantes se mobilisent pour l\u2019embellissement des lieux publics les plus dynamiques, et ce au grand bonheur des habitants et des visiteurs de la ville pendant leurs vacances d\u2019\u00e9t\u00e9. Parmi lesquels il y a lieu de citer le c\u00e9l\u00e8bre Patio Atlantico, o\u00f9 les gens peuvent contempler le coucher du soleil sur la plage A\u00efn Achaha.<\/p>\n<p>S\u2019\u00e9tendant sur plusieurs kilom\u00e8tres sur l\u2019oc\u00e9an Atlantique, la c\u00e9l\u00e8bre plage de Ras Rmel b\u00e9n\u00e9ficie, \u00e0 l\u2019approche de la saison estivale, d\u2019une op\u00e9ration de nettoyage et de collecte des d\u00e9chets ainsi que l\u2019am\u00e9nagement des points d\u2019acc\u00e8s avec l\u2019entretien de l\u2019\u00e9clairage public des espaces menant au site baln\u00e9aire. Cette op\u00e9ration consiste en la mise en place des \u00e9quipements et du mat\u00e9riel visant \u00e0 am\u00e9liorer l\u2019accueil lors de cette p\u00e9riode estivale. Elle permet de favoriser la qualit\u00e9 du site tout en l\u2019\u00e9quipant du mat\u00e9riel de secourisme et de sauvetage afin d\u2019aider les estivants \u00e0 se baigner en toute s\u00e9curit\u00e9. Il s\u2019agit \u00e9galement de l\u2019implantation des panneaux de sensibilisation \u00e0 la propret\u00e9 des lieux et l\u2019installation des bacs de collecte d\u2019ordures visant \u00e0 pr\u00e9server l\u2019environnement dans ce site. Surtout que la plage Ras Rmel conna\u00eet en \u00e9t\u00e9 une grande affluence gr\u00e2ce \u00e0 sa beaut\u00e9, mais aussi \u00e0 son positionnement \u00e0 proximit\u00e9 des for\u00eats et sur la route menant au site arch\u00e9ologique Lixus.<\/p>\n<p>Notons qu\u2019en r\u00e9ponse \u00e0 l\u2019appel de la soci\u00e9t\u00e9 civile locale op\u00e9rant pour la pr\u00e9servation du patrimoine, Larache vient de b\u00e9n\u00e9ficier d\u2019une op\u00e9ration de r\u00e9habilitation de ses principales fontaines, inspir\u00e9es des faits ayant marqu\u00e9 l\u2019histoire de la ville. Parmi lesquelles figurent celles des deux places Tahrir (Lib\u00e9ration) et Chouhada (Martyrs) qui viennent de subir une v\u00e9ritable cure de jouvence, tout en gardant son aspect architectural hispano-mauresque h\u00e9rit\u00e9 d\u2019un pass\u00e9 non loin. Cette op\u00e9ration de r\u00e9habilitation des fontaines s\u2019inscrivait dans le cadre du programme de r\u00e9am\u00e9nagement et d\u2019embellissement des principaux quartiers et espaces verts de la ville.<\/p>\n<\/div>\n<p>Auteur: Najat Fa\u00efssal<br \/>\n<a href=\"https:\/\/aujourdhui.ma\/societe\/larache-veut-reussir-sa-saison-estivale\">Cliquez ici pour lire l&rsquo;article depuis sa source.<\/a><\/p>\n","protected":false},"excerpt":{"rendered":"<p>Nettoyage de la plage Ras Rmel, r\u00e9habilitation des fontaines\u2026 A l\u2019instar des principales destinations baln\u00e9aires du Nord, Larache met les bouch\u00e9es doubles afin d\u2019\u00eatre pr\u00eate pour la saison estivale 2022. Dans ce sens, une s\u00e9rie de r\u00e9unions a eu lieu entre les autorit\u00e9s locales et les diff\u00e9rents autres intervenants, dont la Protection civile, la Sant\u00e9, [&hellip;]<\/p>\n","protected":false},"author":1759,"featured_media":0,"comment_status":"closed","ping_status":"closed","sticky":false,"template":"","format":"standard","meta":{"fifu_image_url":"https:\/\/aujourdhui.ma\/wp-content\/uploads\/2022\/06\/1-operation-de-l_embellissement-de-la-plage-de-Ras-Rm-300x153.png","fifu_image_alt":"Larache veut r\u00e9ussir sa saison estivale","footnotes":""},"categories":[73,54],"tags":[],"class_list":["post-149704","post","type-post","status-publish","format-standard","hentry","category-actualite","category-maroc"],"_links":{"self":[{"href":"https:\/\/linitiative.ca\/International\/wp-json\/wp\/v2\/posts\/149704","targetHints":{"allow":["GET"]}}],"collection":[{"href":"https:\/\/linitiative.ca\/International\/wp-json\/wp\/v2\/posts"}],"about":[{"href":"https:\/\/linitiative.ca\/International\/wp-json\/wp\/v2\/types\/post"}],"author":[{"embeddable":true,"href":"https:\/\/linitiative.ca\/International\/wp-json\/wp\/v2\/users\/1759"}],"replies":[{"embeddable":true,"href":"https:\/\/linitiative.ca\/International\/wp-json\/wp\/v2\/comments?post=149704"}],"version-history":[{"count":0,"href":"https:\/\/linitiative.ca\/International\/wp-json\/wp\/v2\/posts\/149704\/revisions"}],"wp:attachment":[{"href":"https:\/\/linitiative.ca\/International\/wp-json\/wp\/v2\/media?parent=149704"}],"wp:term":[{"taxonomy":"category","embeddable":true,"href":"https:\/\/linitiative.ca\/International\/wp-json\/wp\/v2\/categories?post=149704"},{"taxonomy":"post_tag","embeddable":true,"href":"https:\/\/linitiative.ca\/International\/wp-json\/wp\/v2\/tags?post=149704"}],"curies":[{"name":"wp","href":"https:\/\/api.w.org\/{rel}","templated":true}]}}