{"id":149708,"date":"2022-06-09T09:34:52","date_gmt":"2022-06-09T13:34:52","guid":{"rendered":"https:\/\/linitiative.ca\/International\/cinquante-deux-oeuvres-dart-rares-sous-le-marteau\/"},"modified":"2022-06-09T09:34:52","modified_gmt":"2022-06-09T13:34:52","slug":"cinquante-deux-oeuvres-dart-rares-sous-le-marteau","status":"publish","type":"post","link":"https:\/\/linitiative.ca\/International\/cinquante-deux-oeuvres-dart-rares-sous-le-marteau\/","title":{"rendered":"Cinquante-deux \u0153uvres d\u2019art rares sous le marteau"},"content":{"rendered":"<div>\n<p><img decoding=\"async\" width=\"300\" height=\"153\" src=\"https:\/\/linitiative.ca\/International\/wp-content\/uploads\/sites\/23\/2022\/06\/Cinquante-deux-oeuvres-dart-rares-sous-le-marteau-300x153-1.png\" class=\"attachment-medium size-medium wp-post-image\" alt=\"\" loading=\"lazy\" srcset=\"https:\/\/linitiative.ca\/International\/wp-content\/uploads\/sites\/23\/2022\/06\/Cinquante-deux-oeuvres-dart-rares-sous-le-marteau-300x153-1.png 300w, https:\/\/aujourdhui.ma\/wp-content\/uploads\/2022\/06\/Cinquante-deux-oeuvres-dart-rares-sous-le-marteau-274x140.png 274w, https:\/\/aujourdhui.ma\/wp-content\/uploads\/2022\/06\/Cinquante-deux-oeuvres-dart-rares-sous-le-marteau.png 746w, https:\/\/aujourdhui.ma\/wp-content\/uploads\/2022\/06\/Cinquante-deux-oeuvres-dart-rares-sous-le-marteau-165x84.png 165w, https:\/\/aujourdhui.ma\/wp-content\/uploads\/2022\/06\/Cinquante-deux-oeuvres-dart-rares-sous-le-marteau-702x358.png 702w\" sizes=\"auto, (max-width: 300px) 100vw, 300px\"><\/p>\n<p><span style=\"color: #800000;\"><strong>La CMOOA c\u00e9l\u00e8bre sa 75\u00e8me vente aux ench\u00e8res \u00e0 Casablanca<\/strong> <\/span><\/p>\n<p><span id=\"more-410188\"><\/span><\/p>\n<p>La Compagnie marocaine des \u0153uvres et objets d\u2019art s\u2019appr\u00eate \u00e0 c\u00e9l\u00e9brer sa 75\u00e8me vente aux ench\u00e8res le 22 juin 2022 \u00e0 Casablanca. Cette manifestation mettra \u00e0 l\u2019honneur pr\u00e8s de cinquante-deux \u0153uvres d\u2019art tr\u00e8s rares dont des \u0153uvres majeures de Farid Belkahia, Mohamed Melehi, Mohammed Kacimi et autres. \u00abNous avons poursuivi le travail entam\u00e9, il y a plusieurs mois, afin de d\u00e9voiler des \u0153uvres embl\u00e9matiques issues de collections priv\u00e9es de feu Moulay Ahmed Laraki, Fadel Iraki, Monsieur et Madame Bencheikh, la famille Sebti-Bennani Smires, la famille Boccara et de feu Jean-Claude Frendo\u00bb, indique Hicham Daoudi, pr\u00e9sident fondateur de la Compagnie, lors d\u2019une rencontre organis\u00e9e \u00e0 Casablanca. Et d\u2019ajouter : \u00abLa s\u00e9lection d\u2019\u0153uvres permettra de mieux cerner les passerelles artistiques qui ont rapproch\u00e9 les aventures modernes du Maghreb et du Machrek au milieu des ann\u00e9es 70 mais \u00e9galement d\u2019appr\u00e9cier les recherches des artistes du \u00abMouvement de Casablanca\u00bb\u00bb.<br \/>\nDes \u0153uvres phares de Farid Belkahia \u00e0 l\u2019honneur<\/p>\n<p>La vente donne \u00e0 d\u00e9couvrir une \u0153uvre phare de Farid Belkahia, issue de la collection priv\u00e9e de feu Moulay Ahmed Laraki. L\u2019\u0153uvre r\u00e9v\u00e8le une pratique peu connue qui \u00e9tait n\u00e9anmoins tr\u00e8s en vogue chez les artistes du groupe de Casablanca soutenant l\u2019hypoth\u00e8se d\u2019une autre diffusion de l\u2019art gr\u00e2ce \u00e0 l\u2019architecture sortant des sch\u00e9mas traditionnels et des normes occidentales. \u00abDans cette \u0153uvre, nous retrouvons la symbolique gestuelle de Farid Belkahia d\u00e9velopp\u00e9e \u00e0 la fin des ann\u00e9es 60 o\u00f9 se m\u00ealent mat\u00e9riaux issus de notre culture populaire et certains graphismes \u00abonduleux\u00bb, chers au groupe de Casablanca\u00bb, explique-t-il. Les amateurs d\u2019art pourront ainsi distinguer l\u2019\u0153uvre \u00abBataille\u00bb r\u00e9alis\u00e9e en 1962 par Belkahia. \u00abR\u00e9alis\u00e9e sous forme d\u2019\u00e9bauche avant d\u2019\u00eatre ex\u00e9cut\u00e9e sur cuivre vers 1964-1965. Comme pour ses peintures, Belkahia reproduit des personnages fortement stylis\u00e9s, souvent allong\u00e9s qui font r\u00e9f\u00e9rence au chaos d\u2019une sc\u00e8ne de bataille\u00bb.<\/p>\n<p><span style=\"color: #ff0000;\"><strong>Des \u0153uvres de Melehi, Cherkaoui, Miloud Labied et autres <\/strong><\/span><br \/>\nLa vente propose par ailleurs d\u2019autres \u0153uvres in\u00e9dites de Mohamed Melehi, Andr\u00e9 ElBaz, Ahmed Cherkaoui, Miloud Labied, Mohammed Kacimi, Jacques Az\u00e9ma, mais aussi de Charles Hossein Zenderoudi, Bernard Buffet, Edouard-Marcel Sandoz et Dia Azzawi.<br \/>\nLors de cette vacation seront aussi pr\u00e9sent\u00e9es des \u0153uvres figuratives et orientalistes de Hossein Tallal, Hassan El Glaoui, Jean-Gaston Mantel et Andr\u00e9 Hambourg. La grande Chaibia, inclassable parmi les courants \u00e9voqu\u00e9s, figurera en bonne place avec de rares \u0153uvres des ann\u00e9es 1960-1970.<\/p>\n<p><span style=\"color: #ff0000;\"><strong>L\u2019art marocain sollicit\u00e9 par des institutions \u00e9trang\u00e8res <\/strong><\/span><br \/>\nLors de cette rencontre, M. Daoudi n\u2019a pas manqu\u00e9 de souligner que le paysage des acqu\u00e9reurs d\u2019\u0153uvres d\u2019art change. Selon lui, la plupart des \u0153uvres d\u2019art qui font un grand prix quittent le Maroc. Elles sont achet\u00e9es par des institutions \u00e9trang\u00e8res. \u00abLors de la pr\u00e9c\u00e9dente vente, les \u0153uvres d\u2019art de Belkahia ont essentiellement \u00e9t\u00e9 achet\u00e9s par des collectionneurs am\u00e9ricains\u00bb, dit-il. L\u2019art marocain est \u00e9galement sollicit\u00e9 par les collectionneurs arabes. \u00abOn a eu longtemps le collectionneur palestinien Ramzi Daloul, un grand acheteur des \u0153uvres d\u2019art d\u2019artistes marocains. Il a voulu faire un mus\u00e9e d\u00e9di\u00e9 \u00e0 tous les pays arabes\u00bb.<\/p>\n<\/div>\n<p>Auteur: Siham Jadraoui<br \/>\n<a href=\"https:\/\/aujourdhui.ma\/culture\/cinquante-deux-oeuvres-dart-rares-sous-le-marteau\">Cliquez ici pour lire l&rsquo;article depuis sa source.<\/a><\/p>\n","protected":false},"excerpt":{"rendered":"<p>La CMOOA c\u00e9l\u00e8bre sa 75\u00e8me vente aux ench\u00e8res \u00e0 Casablanca La Compagnie marocaine des \u0153uvres et objets d\u2019art s\u2019appr\u00eate \u00e0 c\u00e9l\u00e9brer sa 75\u00e8me vente aux ench\u00e8res le 22 juin 2022 \u00e0 Casablanca. Cette manifestation mettra \u00e0 l\u2019honneur pr\u00e8s de cinquante-deux \u0153uvres d\u2019art tr\u00e8s rares dont des \u0153uvres majeures de Farid Belkahia, Mohamed Melehi, Mohammed Kacimi [&hellip;]<\/p>\n","protected":false},"author":1759,"featured_media":0,"comment_status":"closed","ping_status":"closed","sticky":false,"template":"","format":"standard","meta":{"fifu_image_url":"https:\/\/aujourdhui.ma\/wp-content\/uploads\/2022\/06\/Cinquante-deux-oeuvres-dart-rares-sous-le-marteau-300x153.png","fifu_image_alt":"Cinquante-deux \u0153uvres d\u2019art rares sous le marteau","footnotes":""},"categories":[73,54],"tags":[],"class_list":["post-149708","post","type-post","status-publish","format-standard","hentry","category-actualite","category-maroc"],"_links":{"self":[{"href":"https:\/\/linitiative.ca\/International\/wp-json\/wp\/v2\/posts\/149708","targetHints":{"allow":["GET"]}}],"collection":[{"href":"https:\/\/linitiative.ca\/International\/wp-json\/wp\/v2\/posts"}],"about":[{"href":"https:\/\/linitiative.ca\/International\/wp-json\/wp\/v2\/types\/post"}],"author":[{"embeddable":true,"href":"https:\/\/linitiative.ca\/International\/wp-json\/wp\/v2\/users\/1759"}],"replies":[{"embeddable":true,"href":"https:\/\/linitiative.ca\/International\/wp-json\/wp\/v2\/comments?post=149708"}],"version-history":[{"count":0,"href":"https:\/\/linitiative.ca\/International\/wp-json\/wp\/v2\/posts\/149708\/revisions"}],"wp:attachment":[{"href":"https:\/\/linitiative.ca\/International\/wp-json\/wp\/v2\/media?parent=149708"}],"wp:term":[{"taxonomy":"category","embeddable":true,"href":"https:\/\/linitiative.ca\/International\/wp-json\/wp\/v2\/categories?post=149708"},{"taxonomy":"post_tag","embeddable":true,"href":"https:\/\/linitiative.ca\/International\/wp-json\/wp\/v2\/tags?post=149708"}],"curies":[{"name":"wp","href":"https:\/\/api.w.org\/{rel}","templated":true}]}}