{"id":149710,"date":"2022-06-09T10:38:07","date_gmt":"2022-06-09T14:38:07","guid":{"rendered":"https:\/\/linitiative.ca\/International\/un-projet-de-decret-adopte-en-conseil-de-gouvernement-approuve\/"},"modified":"2022-06-09T10:38:07","modified_gmt":"2022-06-09T14:38:07","slug":"un-projet-de-decret-adopte-en-conseil-de-gouvernement-approuve","status":"publish","type":"post","link":"https:\/\/linitiative.ca\/International\/un-projet-de-decret-adopte-en-conseil-de-gouvernement-approuve\/","title":{"rendered":"Un projet de d\u00e9cret adopt\u00e9 en conseil de gouvernement approuve\u00a0"},"content":{"rendered":"<div>\n<p><img decoding=\"async\" width=\"300\" height=\"153\" src=\"https:\/\/linitiative.ca\/International\/wp-content\/uploads\/sites\/23\/2022\/06\/Un-projet-de-decret-adopte-en-conseil-de-gouvernement-approuve-x-300x153-1.png\" class=\"attachment-medium size-medium wp-post-image\" alt=\"\" loading=\"lazy\" srcset=\"https:\/\/linitiative.ca\/International\/wp-content\/uploads\/sites\/23\/2022\/06\/Un-projet-de-decret-adopte-en-conseil-de-gouvernement-approuve-x-300x153-1.png 300w, https:\/\/aujourdhui.ma\/wp-content\/uploads\/2022\/06\/Un-projet-de-decret-adopte-en-conseil-de-gouvernement-approuve-x-274x140.png 274w, https:\/\/aujourdhui.ma\/wp-content\/uploads\/2022\/06\/Un-projet-de-decret-adopte-en-conseil-de-gouvernement-approuve-x.png 746w, https:\/\/aujourdhui.ma\/wp-content\/uploads\/2022\/06\/Un-projet-de-decret-adopte-en-conseil-de-gouvernement-approuve-x-165x84.png 165w, https:\/\/aujourdhui.ma\/wp-content\/uploads\/2022\/06\/Un-projet-de-decret-adopte-en-conseil-de-gouvernement-approuve-x-702x358.png 702w\" sizes=\"auto, (max-width: 300px) 100vw, 300px\"><\/p>\n<h4><span style=\"color: #800000; font-size: 18px;\">Un Comit\u00e9 national pour l\u2019\u00e9galit\u00e9 des genres et la promotion de la femme voit le jour<\/span><\/h4>\n<p><span id=\"more-410232\"><\/span><\/p>\n<p>Le conseil de gouvernement, r\u00e9uni jeudi sous la pr\u00e9sidence de M. Aziz Akhannouch, Chef du Gouvernement, a approuv\u00e9 le projet de d\u00e9cret n\u00b0 2.22.194 portant cr\u00e9ation du Comit\u00e9 national pour l\u2019\u00e9galit\u00e9 des genres et la promotion de la femme.<\/p>\n<p>Pr\u00e9sent\u00e9 par la ministre de la Solidarit\u00e9, de l\u2019insertion sociale et de la famille, Aawatif Hayar, ce projet de d\u00e9cret s\u2019inscrit dans le cadre de l\u2019int\u00e9r\u00eat accorde par le gouvernement aux questions relatives \u00e0 la femme, en phase avec son programme gouvernemental 2021-2026, plus particuli\u00e8rement, la r\u00e9alisation de l\u2019\u00e9galit\u00e9 des sexes et l\u2019autonomisation des femmes dans divers domaines, a indiqu\u00e9 le ministre d\u00e9l\u00e9gu\u00e9 charg\u00e9 des Relations avec le Parlement, porte-parole du gouvernement, Mustapha Baitas, lors d\u2019un point de presse \u00e0 l\u2019issue du Conseil.<br \/>\n<a href=\"https:\/\/linitiative.ca\/International\/wp-content\/uploads\/sites\/23\/2022\/06\/Un-projet-de-decret-adopte-en-conseil-de-gouvernement-approuve-.png\"><img loading=\"lazy\" decoding=\"async\" class=\"alignnone size-full wp-image-410233\" src=\"https:\/\/linitiative.ca\/International\/wp-content\/uploads\/sites\/23\/2022\/06\/Un-projet-de-decret-adopte-en-conseil-de-gouvernement-approuve-.png\" alt=\"\" width=\"746\" height=\"380\" srcset=\"https:\/\/linitiative.ca\/International\/wp-content\/uploads\/sites\/23\/2022\/06\/Un-projet-de-decret-adopte-en-conseil-de-gouvernement-approuve-.png 746w, https:\/\/aujourdhui.ma\/wp-content\/uploads\/2022\/06\/Un-projet-de-decret-adopte-en-conseil-de-gouvernement-approuve--300x153.png 300w, https:\/\/aujourdhui.ma\/wp-content\/uploads\/2022\/06\/Un-projet-de-decret-adopte-en-conseil-de-gouvernement-approuve--274x140.png 274w, https:\/\/aujourdhui.ma\/wp-content\/uploads\/2022\/06\/Un-projet-de-decret-adopte-en-conseil-de-gouvernement-approuve--165x84.png 165w, https:\/\/aujourdhui.ma\/wp-content\/uploads\/2022\/06\/Un-projet-de-decret-adopte-en-conseil-de-gouvernement-approuve--702x358.png 702w\" sizes=\"auto, (max-width: 746px) 100vw, 746px\"><\/a><br \/>\nCe projet permettra de r\u00e9unir les conditions objectives n\u00e9cessaires pour gagner ce pari, en offrant un cadre garantissant l\u2019harmonie et la convergence entre les diff\u00e9rentes initiatives et efforts d\u00e9ploy\u00e9s, en plus de la valorisation des acquis.<\/p>\n<p>Ce cadre constituera \u00e9galement une source essentielle pour proposer des solutions et apporter des r\u00e9ponses nationales \u00e0 l\u2019ensemble des probl\u00e8mes li\u00e9s \u00e0 la protection et \u00e0 la promotion des droits des femmes, \u00e0 travers le suivi, l\u2019\u00e9valuation et la mobilisation de toutes les parties prenantes des secteurs gouvernementaux, des institutions nationales, des collectivit\u00e9s territoriales, du secteur priv\u00e9 et des associations de la soci\u00e9t\u00e9 civile.<\/p>\n<p>Le projet de d\u00e9cret n\u00b0 2.22.194 qui a pour objectif de mettre en place un Comit\u00e9 national pour l\u2019\u00e9galit\u00e9 des genres et la promotion de la femme, se veut un nouveau dispositif national o\u00f9 doivent converger en parfaite harmonie diverses initiatives des diff\u00e9rentes parties prenantes, selon une nouvelle perspective qui int\u00e8gre tous les acteurs dans un cadre de gouvernance et une approche participative.<\/p>\n<\/div>\n<p>Auteur: ALM<br \/>\n<a href=\"https:\/\/aujourdhui.ma\/actualite\/un-projet-de-decret-adopte-en-conseil-de-gouvernement-approuve\">Cliquez ici pour lire l&rsquo;article depuis sa source.<\/a><\/p>\n","protected":false},"excerpt":{"rendered":"<p>Un Comit\u00e9 national pour l\u2019\u00e9galit\u00e9 des genres et la promotion de la femme voit le jour Le conseil de gouvernement, r\u00e9uni jeudi sous la pr\u00e9sidence de M. Aziz Akhannouch, Chef du Gouvernement, a approuv\u00e9 le projet de d\u00e9cret n\u00b0 2.22.194 portant cr\u00e9ation du Comit\u00e9 national pour l\u2019\u00e9galit\u00e9 des genres et la promotion de la femme. [&hellip;]<\/p>\n","protected":false},"author":1759,"featured_media":0,"comment_status":"closed","ping_status":"closed","sticky":false,"template":"","format":"standard","meta":{"fifu_image_url":"https:\/\/aujourdhui.ma\/wp-content\/uploads\/2022\/06\/Un-projet-de-decret-adopte-en-conseil-de-gouvernement-approuve-x-300x153.png","fifu_image_alt":"Un projet de d\u00e9cret adopt\u00e9 en conseil de gouvernement approuve\u00a0","footnotes":""},"categories":[73,54],"tags":[],"class_list":["post-149710","post","type-post","status-publish","format-standard","hentry","category-actualite","category-maroc"],"_links":{"self":[{"href":"https:\/\/linitiative.ca\/International\/wp-json\/wp\/v2\/posts\/149710","targetHints":{"allow":["GET"]}}],"collection":[{"href":"https:\/\/linitiative.ca\/International\/wp-json\/wp\/v2\/posts"}],"about":[{"href":"https:\/\/linitiative.ca\/International\/wp-json\/wp\/v2\/types\/post"}],"author":[{"embeddable":true,"href":"https:\/\/linitiative.ca\/International\/wp-json\/wp\/v2\/users\/1759"}],"replies":[{"embeddable":true,"href":"https:\/\/linitiative.ca\/International\/wp-json\/wp\/v2\/comments?post=149710"}],"version-history":[{"count":0,"href":"https:\/\/linitiative.ca\/International\/wp-json\/wp\/v2\/posts\/149710\/revisions"}],"wp:attachment":[{"href":"https:\/\/linitiative.ca\/International\/wp-json\/wp\/v2\/media?parent=149710"}],"wp:term":[{"taxonomy":"category","embeddable":true,"href":"https:\/\/linitiative.ca\/International\/wp-json\/wp\/v2\/categories?post=149710"},{"taxonomy":"post_tag","embeddable":true,"href":"https:\/\/linitiative.ca\/International\/wp-json\/wp\/v2\/tags?post=149710"}],"curies":[{"name":"wp","href":"https:\/\/api.w.org\/{rel}","templated":true}]}}