{"id":149713,"date":"2022-06-09T11:18:42","date_gmt":"2022-06-09T15:18:42","guid":{"rendered":"https:\/\/linitiative.ca\/International\/covid-19-maroc-la-situation-epidemiologique-au-9-juin-2022-a-15h00\/"},"modified":"2022-06-09T11:18:42","modified_gmt":"2022-06-09T15:18:42","slug":"covid-19-maroc-la-situation-epidemiologique-au-9-juin-2022-a-15h00","status":"publish","type":"post","link":"https:\/\/linitiative.ca\/International\/covid-19-maroc-la-situation-epidemiologique-au-9-juin-2022-a-15h00\/","title":{"rendered":"Covid-19 \/ Maroc : La situation \u00e9pid\u00e9miologique au 9 juin 2022 \u00e0 15H00"},"content":{"rendered":"<div>\n<p><img decoding=\"async\" width=\"300\" height=\"153\" src=\"https:\/\/linitiative.ca\/International\/wp-content\/uploads\/sites\/23\/2022\/06\/coronamaroc-300x153-2.jpg\" class=\"attachment-medium size-medium wp-post-image\" alt=\"\" loading=\"lazy\" srcset=\"https:\/\/linitiative.ca\/International\/wp-content\/uploads\/sites\/23\/2022\/06\/coronamaroc-300x153-2.jpg 300w, https:\/\/aujourdhui.ma\/wp-content\/uploads\/2021\/05\/coronamaroc-274x140.jpg 274w, https:\/\/aujourdhui.ma\/wp-content\/uploads\/2021\/05\/coronamaroc.jpg 746w, https:\/\/aujourdhui.ma\/wp-content\/uploads\/2021\/05\/coronamaroc-165x84.jpg 165w, https:\/\/aujourdhui.ma\/wp-content\/uploads\/2021\/05\/coronamaroc-702x358.jpg 702w\" sizes=\"auto, (max-width: 300px) 100vw, 300px\"><\/p>\n<p>966\u00a0nouveaux cas soit un cumul de 1 172 938\u00a0cas \u00e0 ce jour.<br \/>\n387\u00a0gu\u00e9risons soit un cumul de 1 152\u00a0714\u00a0\u00e0 ce jour.<br \/>\nZ\u00e9ro D\u00c9C\u00c8S donc un cumul de 16 082 \u00e0 ce jour.<\/p>\n<p><strong>Nombre de personnes vaccin\u00e9es au 9\u00a0 juin \u00e0 15H00<\/strong><\/p>\n<p>1\u00e8re dose :\u00a0<strong>24 840 417<\/strong><\/p>\n<p>2\u00e8me dose :\u00a0<strong>23 322 750<\/strong><\/p>\n<p>3\u00e8me dose<strong>\u00a0:\u00a06 470 755<br \/>\n<\/strong><\/p>\n<p>\u00a0<\/p>\n<p><a href=\"https:\/\/linitiative.ca\/International\/wp-content\/uploads\/sites\/23\/2022\/06\/09_06_2022.Covidose.MAROC_Page_1.jpg\"><img loading=\"lazy\" decoding=\"async\" class=\"alignnone size-full wp-image-410238\" src=\"https:\/\/linitiative.ca\/International\/wp-content\/uploads\/sites\/23\/2022\/06\/09_06_2022.Covidose.MAROC_Page_1.jpg\" alt=\"\" width=\"794\" height=\"1123\" srcset=\"https:\/\/linitiative.ca\/International\/wp-content\/uploads\/sites\/23\/2022\/06\/09_06_2022.Covidose.MAROC_Page_1.jpg 794w, https:\/\/aujourdhui.ma\/wp-content\/uploads\/2022\/06\/09_06_2022.Covidose.MAROC_Page_1-212x300.jpg 212w, https:\/\/aujourdhui.ma\/wp-content\/uploads\/2022\/06\/09_06_2022.Covidose.MAROC_Page_1-724x1024.jpg 724w, https:\/\/aujourdhui.ma\/wp-content\/uploads\/2022\/06\/09_06_2022.Covidose.MAROC_Page_1-768x1086.jpg 768w\" sizes=\"auto, (max-width: 794px) 100vw, 794px\"><\/a> <a href=\"https:\/\/linitiative.ca\/International\/wp-content\/uploads\/sites\/23\/2022\/06\/09_06_2022.Covidose.MAROC_Page_2.jpg\"><img loading=\"lazy\" decoding=\"async\" class=\"alignnone size-full wp-image-410239\" src=\"https:\/\/linitiative.ca\/International\/wp-content\/uploads\/sites\/23\/2022\/06\/09_06_2022.Covidose.MAROC_Page_2.jpg\" alt=\"\" width=\"794\" height=\"1123\" srcset=\"https:\/\/linitiative.ca\/International\/wp-content\/uploads\/sites\/23\/2022\/06\/09_06_2022.Covidose.MAROC_Page_2.jpg 794w, https:\/\/aujourdhui.ma\/wp-content\/uploads\/2022\/06\/09_06_2022.Covidose.MAROC_Page_2-212x300.jpg 212w, https:\/\/aujourdhui.ma\/wp-content\/uploads\/2022\/06\/09_06_2022.Covidose.MAROC_Page_2-724x1024.jpg 724w, https:\/\/aujourdhui.ma\/wp-content\/uploads\/2022\/06\/09_06_2022.Covidose.MAROC_Page_2-768x1086.jpg 768w\" sizes=\"auto, (max-width: 794px) 100vw, 794px\"><\/a> <a href=\"https:\/\/linitiative.ca\/International\/wp-content\/uploads\/sites\/23\/2022\/06\/09_06_2022.Covidose.MAROC_Page_3.jpg\"><img loading=\"lazy\" decoding=\"async\" class=\"alignnone size-full wp-image-410240\" src=\"https:\/\/linitiative.ca\/International\/wp-content\/uploads\/sites\/23\/2022\/06\/09_06_2022.Covidose.MAROC_Page_3.jpg\" alt=\"\" width=\"794\" height=\"1123\" srcset=\"https:\/\/linitiative.ca\/International\/wp-content\/uploads\/sites\/23\/2022\/06\/09_06_2022.Covidose.MAROC_Page_3.jpg 794w, https:\/\/aujourdhui.ma\/wp-content\/uploads\/2022\/06\/09_06_2022.Covidose.MAROC_Page_3-212x300.jpg 212w, https:\/\/aujourdhui.ma\/wp-content\/uploads\/2022\/06\/09_06_2022.Covidose.MAROC_Page_3-724x1024.jpg 724w, https:\/\/aujourdhui.ma\/wp-content\/uploads\/2022\/06\/09_06_2022.Covidose.MAROC_Page_3-768x1086.jpg 768w\" sizes=\"auto, (max-width: 794px) 100vw, 794px\"><\/a> <a href=\"https:\/\/linitiative.ca\/International\/wp-content\/uploads\/sites\/23\/2022\/06\/09_06_2022.Covidose.MAROC_Page_4.jpg\"><img loading=\"lazy\" decoding=\"async\" class=\"alignnone size-full wp-image-410241\" src=\"https:\/\/linitiative.ca\/International\/wp-content\/uploads\/sites\/23\/2022\/06\/09_06_2022.Covidose.MAROC_Page_4.jpg\" alt=\"\" width=\"794\" height=\"1123\" srcset=\"https:\/\/linitiative.ca\/International\/wp-content\/uploads\/sites\/23\/2022\/06\/09_06_2022.Covidose.MAROC_Page_4.jpg 794w, https:\/\/aujourdhui.ma\/wp-content\/uploads\/2022\/06\/09_06_2022.Covidose.MAROC_Page_4-212x300.jpg 212w, https:\/\/aujourdhui.ma\/wp-content\/uploads\/2022\/06\/09_06_2022.Covidose.MAROC_Page_4-724x1024.jpg 724w, https:\/\/aujourdhui.ma\/wp-content\/uploads\/2022\/06\/09_06_2022.Covidose.MAROC_Page_4-768x1086.jpg 768w\" sizes=\"auto, (max-width: 794px) 100vw, 794px\"><\/a><\/p>\n<\/div>\n<p>Auteur: ALM<br \/>\n<a href=\"https:\/\/aujourdhui.ma\/societe\/covid-19-maroc-la-situation-epidemiologique-au-9-juin-2022-a-15h00\">Cliquez ici pour lire l&rsquo;article depuis sa source.<\/a><\/p>\n","protected":false},"excerpt":{"rendered":"<p>966\u00a0nouveaux cas soit un cumul de 1 172 938\u00a0cas \u00e0 ce jour. 387\u00a0gu\u00e9risons soit un cumul de 1 152\u00a0714\u00a0\u00e0 ce jour. Z\u00e9ro D\u00c9C\u00c8S donc un cumul de 16 082 \u00e0 ce jour. Nombre de personnes vaccin\u00e9es au 9\u00a0 juin \u00e0 15H00 1\u00e8re dose :\u00a024 840 417 2\u00e8me dose :\u00a023 322 750 3\u00e8me dose\u00a0:\u00a06 470 755 [&hellip;]<\/p>\n","protected":false},"author":1759,"featured_media":0,"comment_status":"closed","ping_status":"closed","sticky":false,"template":"","format":"standard","meta":{"fifu_image_url":"https:\/\/aujourdhui.ma\/wp-content\/uploads\/2021\/05\/coronamaroc-300x153.jpg","fifu_image_alt":"Covid-19 \/ Maroc : La situation \u00e9pid\u00e9miologique au 9 juin 2022 \u00e0 15H00","footnotes":""},"categories":[73,54],"tags":[],"class_list":["post-149713","post","type-post","status-publish","format-standard","hentry","category-actualite","category-maroc"],"_links":{"self":[{"href":"https:\/\/linitiative.ca\/International\/wp-json\/wp\/v2\/posts\/149713","targetHints":{"allow":["GET"]}}],"collection":[{"href":"https:\/\/linitiative.ca\/International\/wp-json\/wp\/v2\/posts"}],"about":[{"href":"https:\/\/linitiative.ca\/International\/wp-json\/wp\/v2\/types\/post"}],"author":[{"embeddable":true,"href":"https:\/\/linitiative.ca\/International\/wp-json\/wp\/v2\/users\/1759"}],"replies":[{"embeddable":true,"href":"https:\/\/linitiative.ca\/International\/wp-json\/wp\/v2\/comments?post=149713"}],"version-history":[{"count":0,"href":"https:\/\/linitiative.ca\/International\/wp-json\/wp\/v2\/posts\/149713\/revisions"}],"wp:attachment":[{"href":"https:\/\/linitiative.ca\/International\/wp-json\/wp\/v2\/media?parent=149713"}],"wp:term":[{"taxonomy":"category","embeddable":true,"href":"https:\/\/linitiative.ca\/International\/wp-json\/wp\/v2\/categories?post=149713"},{"taxonomy":"post_tag","embeddable":true,"href":"https:\/\/linitiative.ca\/International\/wp-json\/wp\/v2\/tags?post=149713"}],"curies":[{"name":"wp","href":"https:\/\/api.w.org\/{rel}","templated":true}]}}