{"id":149724,"date":"2022-06-09T06:00:00","date_gmt":"2022-06-09T10:00:00","guid":{"rendered":"https:\/\/linitiative.ca\/International\/essaouira-a-lheure-du-1er-forum-de-la-femme-et-du-developpement-durable\/"},"modified":"2022-06-09T06:00:00","modified_gmt":"2022-06-09T10:00:00","slug":"essaouira-a-lheure-du-1er-forum-de-la-femme-et-du-developpement-durable","status":"publish","type":"post","link":"https:\/\/linitiative.ca\/International\/essaouira-a-lheure-du-1er-forum-de-la-femme-et-du-developpement-durable\/","title":{"rendered":"Essaouira \u00e0 l\u2019heure du 1er Forum de la femme et du d\u00e9veloppement durable"},"content":{"rendered":"<div>\n<div style=\"margin-bottom:20px;\"><img loading=\"lazy\" decoding=\"async\" width=\"750\" height=\"430\" src=\"https:\/\/linitiative.ca\/International\/wp-content\/uploads\/sites\/23\/2022\/06\/Essaouira-tourisme-copier-1.jpg\" class=\"attachment-post-thumbnail size-post-thumbnail wp-post-image\" alt=\"\" srcset=\"https:\/\/linitiative.ca\/International\/wp-content\/uploads\/sites\/23\/2022\/06\/Essaouira-tourisme-copier-1.jpg 750w, https:\/\/www.mapmarrakech.ma\/map\/uploads\/2022\/06\/Essaouira-tourisme-copier-1-300x172.jpg 300w\" sizes=\"auto, (max-width: 750px) 100vw, 750px\"><\/div>\n<div>\n<p>Initi\u00e9e par l\u2019Association \u00ab\u00a0Basmat khair\u00a0\u00bb pour les affaires sociales et la solidarit\u00e9, en partenariat avec l\u2019Association Essaouira-France, cette manifestation, lanc\u00e9e le 6 juin, vise \u00e0 mettre en relief le r\u00f4le pr\u00e9pond\u00e9rant et la contribution ind\u00e9niable des femmes \u00e0 la valorisation de cet \u00e9cosyst\u00e8me et de cette richesse de la province d\u2019Essaouira, et \u00e0 renforcer leurs capacit\u00e9s notamment dans les domaines de la gestion et de la commercialisation de leurs produits.<\/p>\n<p>Pour ce faire, les organisateurs ont concoct\u00e9 un programme vari\u00e9 pr\u00e9voyant notamment des ateliers de renforcement des capacit\u00e9s des femmes porteuses de projets dans le domaine de l\u2019entrepreneuriat social et les outils n\u00e9cessaires pour le d\u00e9veloppement de l\u2019id\u00e9e d\u2019un projet, outre une session de formation sur la gestion et la commercialisation.<\/p>\n<p>Au menu figurent aussi des visites pour l\u2019\u00e9change d\u2019exp\u00e9riences au complexe social \u00ab\u00a0Ibtissama\u00a0\u00bb afin de s\u2019informer de pr\u00e8s de l\u2019exp\u00e9rience de cette structure en mati\u00e8re d\u2019autonomisation et d\u2019accompagnement des femmes dans le lancement de projets sp\u00e9ciaux, ainsi qu\u2019\u00e0 la coop\u00e9rative \u00ab\u00a0la deuxi\u00e8me chance\u00a0\u00bb en tant que l\u2019une des coop\u00e9ratives pionni\u00e8res \u00e0 l\u2019\u00e9chelle locale dans les domaines de la gastronomie et de la p\u00e2tisserie.<\/p>\n<p>L\u2019espace \u00ab\u00a0Bayt Dakira\u00a0\u00bb abritera \u00e9galement une table ronde sur le r\u00f4le des femmes dans le renforcement de la sensibilisation et de la conscientisation \u00e0 l\u2019importance de l\u2019arganier, avec la participation d\u2019experts, responsables et acteurs de la soci\u00e9t\u00e9 civile qui aborderont les r\u00f4les que jouent les femmes dans la pr\u00e9servation de l\u2019\u00e9cosyst\u00e8me arganier, \u00e0 travers la p\u00e9rennisation d\u2019actions, de pratiques et de coutumes ayant fortement contribu\u00e9 \u00e0 la prise de conscience de la communaut\u00e9 locale quant \u00e0 l\u2019importance et le r\u00f4le crucial de cet arbre end\u00e9mique sur les plans environnemental et socio-\u00e9conomique.<\/p>\n<p>Pour le pr\u00e9sident de l\u2019association \u00ab\u00a0Basmat Khair\u00a0\u00bb, Abdelali Salhi, ce forum s\u2019inscrit dans le cadre des initiatives visant l\u2019autonomisation des femmes actives dans cette fili\u00e8re, en oeuvrant \u00e0 renforcer leurs capacit\u00e9s dans le domaine de la gestion et en veillant \u00e0 les accompagner en mati\u00e8re de commercialisation qui constitue le principal d\u00e9fi auquel elles sont confront\u00e9es.<\/p>\n<p>Ainsi, ce forum ambitionne d\u2019engager un d\u00e9bat public constructif autour de l\u2019\u00e9cosyst\u00e8me arganier et de contribuer \u00e0 la valorisation des exp\u00e9riences des femmes dans ce domaine, l\u2019objectif ultime \u00e9tant de contribuer \u00e0 relever les d\u00e9fis auxquels fait face la fili\u00e8re sur les plans de la production et de la commercialisation.<\/p>\n<p>En cl\u00f4ture de cette premi\u00e8re \u00e9dition, il sera proc\u00e9d\u00e9 \u00e0 l\u2019organisation d\u2019une rencontre de r\u00e9seautage et de valorisation des exp\u00e9riences des femmes, avec \u00e0 la cl\u00e9 un vibrant hommage \u00e0 une dizaine de femmes pionni\u00e8res dans le domaine des coop\u00e9ratives au niveau de la province d\u2019Essaouira, ainsi qu\u2019une exposition des produits de ces coop\u00e9ratives f\u00e9minines.<\/p>\n<\/div>\n<p>The post <a rel=\"nofollow\" href=\"https:\/\/www.mapmarrakech.ma\/fr\/essaouira-a-lheure-du-1er-forum-de-la-femme-et-du-developpement-durable\/\">Essaouira \u00e0 l\u2019heure du 1er Forum de la femme et du d\u00e9veloppement durable<\/a> appeared first on <a rel=\"nofollow\" href=\"https:\/\/www.mapmarrakech.ma\/fr\">MapMarrakech<\/a>.<\/p>\n<\/div>\n<p>Auteur: Meriem IGASS<br \/>\n<a href=\"https:\/\/www.mapmarrakech.ma\/fr\/essaouira-a-lheure-du-1er-forum-de-la-femme-et-du-developpement-durable\/\">Cliquez ici pour lire l&rsquo;article depuis sa source.<\/a><\/p>\n","protected":false},"excerpt":{"rendered":"<p>Initi\u00e9e par l\u2019Association \u00ab\u00a0Basmat khair\u00a0\u00bb pour les affaires sociales et la solidarit\u00e9, en partenariat avec l\u2019Association Essaouira-France, cette manifestation, lanc\u00e9e le 6 juin, vise \u00e0 mettre en relief le r\u00f4le pr\u00e9pond\u00e9rant et la contribution ind\u00e9niable des femmes \u00e0 la valorisation de cet \u00e9cosyst\u00e8me et de cette richesse de la province d\u2019Essaouira, et \u00e0 renforcer leurs [&hellip;]<\/p>\n","protected":false},"author":1788,"featured_media":0,"comment_status":"closed","ping_status":"closed","sticky":false,"template":"","format":"standard","meta":{"fifu_image_url":"https:\/\/www.mapmarrakech.ma\/map\/uploads\/2022\/06\/Essaouira-tourisme-copier-1.jpg","fifu_image_alt":"Essaouira \u00e0 l\u2019heure du 1er Forum de la femme et du d\u00e9veloppement durable","footnotes":""},"categories":[54,76],"tags":[],"class_list":["post-149724","post","type-post","status-publish","format-standard","hentry","category-maroc","category-regions"],"_links":{"self":[{"href":"https:\/\/linitiative.ca\/International\/wp-json\/wp\/v2\/posts\/149724","targetHints":{"allow":["GET"]}}],"collection":[{"href":"https:\/\/linitiative.ca\/International\/wp-json\/wp\/v2\/posts"}],"about":[{"href":"https:\/\/linitiative.ca\/International\/wp-json\/wp\/v2\/types\/post"}],"author":[{"embeddable":true,"href":"https:\/\/linitiative.ca\/International\/wp-json\/wp\/v2\/users\/1788"}],"replies":[{"embeddable":true,"href":"https:\/\/linitiative.ca\/International\/wp-json\/wp\/v2\/comments?post=149724"}],"version-history":[{"count":0,"href":"https:\/\/linitiative.ca\/International\/wp-json\/wp\/v2\/posts\/149724\/revisions"}],"wp:attachment":[{"href":"https:\/\/linitiative.ca\/International\/wp-json\/wp\/v2\/media?parent=149724"}],"wp:term":[{"taxonomy":"category","embeddable":true,"href":"https:\/\/linitiative.ca\/International\/wp-json\/wp\/v2\/categories?post=149724"},{"taxonomy":"post_tag","embeddable":true,"href":"https:\/\/linitiative.ca\/International\/wp-json\/wp\/v2\/tags?post=149724"}],"curies":[{"name":"wp","href":"https:\/\/api.w.org\/{rel}","templated":true}]}}