{"id":149726,"date":"2022-06-09T06:12:25","date_gmt":"2022-06-09T10:12:25","guid":{"rendered":"https:\/\/linitiative.ca\/International\/previsions-meteorologiques-pour-vendredi-10-juin-2022\/"},"modified":"2022-06-09T06:12:25","modified_gmt":"2022-06-09T10:12:25","slug":"previsions-meteorologiques-pour-vendredi-10-juin-2022","status":"publish","type":"post","link":"https:\/\/linitiative.ca\/International\/previsions-meteorologiques-pour-vendredi-10-juin-2022\/","title":{"rendered":"Pr\u00e9visions m\u00e9t\u00e9orologiques pour vendredi 10 juin 2022"},"content":{"rendered":"<div>\n<div style=\"margin-bottom:20px;\"><img loading=\"lazy\" decoding=\"async\" width=\"750\" height=\"430\" src=\"https:\/\/linitiative.ca\/International\/wp-content\/uploads\/sites\/23\/2022\/06\/soleil-2-2.jpg\" class=\"attachment-post-thumbnail size-post-thumbnail wp-post-image\" alt=\"\" srcset=\"https:\/\/linitiative.ca\/International\/wp-content\/uploads\/sites\/23\/2022\/06\/soleil-2-2.jpg 750w, https:\/\/www.mapmarrakech.ma\/map\/uploads\/2021\/07\/soleil-2-2-300x172.jpg 300w\" sizes=\"auto, (max-width: 750px) 100vw, 750px\"><\/div>\n<p>\u2013 Temps chaud sur les plaines int\u00e9rieures Nord et Centre, le Sud-Est et l\u2019int\u00e9rieur du Souss.<\/p>\n<p>\u2013 Formations brumeuses par endroits pr\u00e8s des c\u00f4tes.<\/p>\n<p>\u2013 Bruine locale sur les c\u00f4tes entre Tiznit et Tarfaya.<\/p>\n<p>\u2013 Ond\u00e9es et orages par endroits sur les Haut et Moyen-Atlas et ses r\u00e9gions voisines, le Sud de l\u2019Oriental et les versants Sud-Est.<\/p>\n<p>\u2013 Rafales de vents assez fortes sur le Tang\u00e9rois, le Sud et les Hauts plateaux Orientaux.<\/p>\n<p>\u2013 Chasse-poussi\u00e8res par endroits sur l\u2019int\u00e9rieur des provinces Sud.<\/p>\n<p>\u2013 Temp\u00e9ratures minimales de l\u2019ordre de 12\/18\u00b0C sur l\u2019Atlas, 24\/31\u00b0C sur le Sud et l\u2019Est des provinces Sud et le Sud-Est et de 17\/24\u00b0C partout ailleurs.<\/p>\n<p>\u2013 Mer peu agit\u00e9e \u00e0 agit\u00e9e en M\u00e9diterran\u00e9e, agit\u00e9e \u00e0 forte sur le D\u00e9troit ainsi qu\u2019agit\u00e9e \u00e0 localement forte et parfois peu agit\u00e9e \u00e0 agit\u00e9e au Nord de Mehdia.<\/p>\n<p>The post <a rel=\"nofollow\" href=\"https:\/\/www.mapmarrakech.ma\/fr\/previsions-meteorologiques-pour-vendredi-10-juin-2022\/\">Pr\u00e9visions m\u00e9t\u00e9orologiques pour vendredi 10 juin 2022<\/a> appeared first on <a rel=\"nofollow\" href=\"https:\/\/www.mapmarrakech.ma\/fr\">MapMarrakech<\/a>.<\/p>\n<\/div>\n<p>Auteur: Meriem IGASS<br \/>\n<a href=\"https:\/\/www.mapmarrakech.ma\/fr\/previsions-meteorologiques-pour-vendredi-10-juin-2022\/\">Cliquez ici pour lire l&rsquo;article depuis sa source.<\/a><\/p>\n","protected":false},"excerpt":{"rendered":"<p>\u2013 Temps chaud sur les plaines int\u00e9rieures Nord et Centre, le Sud-Est et l\u2019int\u00e9rieur du Souss. \u2013 Formations brumeuses par endroits pr\u00e8s des c\u00f4tes. \u2013 Bruine locale sur les c\u00f4tes entre Tiznit et Tarfaya. \u2013 Ond\u00e9es et orages par endroits sur les Haut et Moyen-Atlas et ses r\u00e9gions voisines, le Sud de l\u2019Oriental et les [&hellip;]<\/p>\n","protected":false},"author":1788,"featured_media":0,"comment_status":"closed","ping_status":"closed","sticky":false,"template":"","format":"standard","meta":{"fifu_image_url":"https:\/\/www.mapmarrakech.ma\/map\/uploads\/2021\/07\/soleil-2-2.jpg","fifu_image_alt":"Pr\u00e9visions m\u00e9t\u00e9orologiques pour vendredi 10 juin 2022","footnotes":""},"categories":[54,76],"tags":[],"class_list":["post-149726","post","type-post","status-publish","format-standard","hentry","category-maroc","category-regions"],"_links":{"self":[{"href":"https:\/\/linitiative.ca\/International\/wp-json\/wp\/v2\/posts\/149726","targetHints":{"allow":["GET"]}}],"collection":[{"href":"https:\/\/linitiative.ca\/International\/wp-json\/wp\/v2\/posts"}],"about":[{"href":"https:\/\/linitiative.ca\/International\/wp-json\/wp\/v2\/types\/post"}],"author":[{"embeddable":true,"href":"https:\/\/linitiative.ca\/International\/wp-json\/wp\/v2\/users\/1788"}],"replies":[{"embeddable":true,"href":"https:\/\/linitiative.ca\/International\/wp-json\/wp\/v2\/comments?post=149726"}],"version-history":[{"count":0,"href":"https:\/\/linitiative.ca\/International\/wp-json\/wp\/v2\/posts\/149726\/revisions"}],"wp:attachment":[{"href":"https:\/\/linitiative.ca\/International\/wp-json\/wp\/v2\/media?parent=149726"}],"wp:term":[{"taxonomy":"category","embeddable":true,"href":"https:\/\/linitiative.ca\/International\/wp-json\/wp\/v2\/categories?post=149726"},{"taxonomy":"post_tag","embeddable":true,"href":"https:\/\/linitiative.ca\/International\/wp-json\/wp\/v2\/tags?post=149726"}],"curies":[{"name":"wp","href":"https:\/\/api.w.org\/{rel}","templated":true}]}}