{"id":149730,"date":"2022-06-09T08:33:44","date_gmt":"2022-06-09T12:33:44","guid":{"rendered":"https:\/\/linitiative.ca\/International\/ouverture-des-travaux-de-la-conference-lexperience-dakira\/"},"modified":"2022-06-09T08:33:44","modified_gmt":"2022-06-09T12:33:44","slug":"ouverture-des-travaux-de-la-conference-lexperience-dakira","status":"publish","type":"post","link":"https:\/\/linitiative.ca\/International\/ouverture-des-travaux-de-la-conference-lexperience-dakira\/","title":{"rendered":"Ouverture des travaux de la conf\u00e9rence \u00ab\u00a0l\u2019exp\u00e9rience Dakira\u00a0\u00bb"},"content":{"rendered":"<div>\n<div style=\"margin-bottom:20px;\"><img loading=\"lazy\" decoding=\"async\" width=\"750\" height=\"430\" src=\"https:\/\/linitiative.ca\/International\/wp-content\/uploads\/sites\/23\/2022\/06\/dakira-copier.jpg\" class=\"attachment-post-thumbnail size-post-thumbnail wp-post-image\" alt=\"\" srcset=\"https:\/\/linitiative.ca\/International\/wp-content\/uploads\/sites\/23\/2022\/06\/dakira-copier.jpg 750w, https:\/\/www.mapmarrakech.ma\/map\/uploads\/2022\/06\/dakira-copier-300x172.jpg 300w\" sizes=\"auto, (max-width: 750px) 100vw, 750px\"><\/div>\n<p>S\u2019inscrivant dans le cadre de la mise en oeuvre du programme \u00ab\u00a0Dakira\u00a0\u00bb (M\u00e9moire) visant la pr\u00e9servation de la m\u00e9moire culturelle du Maroc, la conf\u00e9rence \u00ab\u00a0L\u2019exp\u00e9rience Dakira\u00a0\u00bb, qui se poursuit jusqu\u2019au 10 juin courant, vise \u00e0 mobiliser les acteurs locaux et nationaux engag\u00e9s dans la pr\u00e9servation du patrimoine culturel marocain, afin de mettre en relief l\u2019exp\u00e9rience de la M\u00e9moire marocaine et des diff\u00e9rentes m\u00e9thodes pour sa sauvegarde et son partage avec le peuple marocain et ceux du monde entier.<\/p>\n<p>Lanc\u00e9 et financ\u00e9 par l\u2019Agence des \u00c9tats-Unis pour le D\u00e9veloppement International (USAID) et mis en \u0153uvre par la Fondation du Haut Atlas (HAF) et ses partenaires, l\u2019Association Mimouna, la Fondation M\u00e9moires pour l\u2019Avenir, l\u2019Association Essaouira- Mogador, l\u2019Association Argania, l\u2019Association Sefrou pour les arts multidisciplinaires et la Fondation Miftah Essaad, le programme Dakira vise \u00e0 d\u00e9velopper une approche participative unique pour la pr\u00e9servation \u00e9ducative de l\u2019histoire multiculturelle du Maroc.<\/p>\n<p>Cette conf\u00e9rence c\u00e9l\u00e8bre les gardiens et messagers du pass\u00e9 du Maroc et expose les voies artistiques du dialogue communautaire, de m\u00eame qu\u2019elle souligne les points communs entre les groupes religieux, et le r\u00f4le des jeunes et des femmes dans la durabilit\u00e9 du patrimoine.<\/p>\n<p>Intervenant \u00e0 cette occasion, le directeur du d\u00e9veloppement global au sein de USAID\/Maroc, M. Juan Carlos Rodriguez, a mis en relief l\u2019attachement des Marocains \u00e0 travers leur longue histoire, \u00e0 la tol\u00e9rance religieuse, citant \u00e0 titre d\u2019exemple l\u2019accueil r\u00e9serv\u00e9 par les Marocains aux juifs et musulmans, qui ont fui la r\u00e9pression religieuse dans la p\u00e9ninsule ib\u00e9rique durant la fin du 15\u00e8 si\u00e8cle.<\/p>\n<p>Dans ce contexte, il n\u2019a pas manqu\u00e9 de rappeler la position ferme de Feu SM Mohammed V vis-\u00e0-vis de la politique antis\u00e9mite du r\u00e9gime de Vichy durant la Seconde Guerre Mondiale.<\/p>\n<p>\u00ab\u00a0Sa Majest\u00e9 le Roi\u00a0Mohammed VI, continuant sur\u00a0la voie\u00a0trac\u00e9e par Son Regrett\u00e9 P\u00e8re, SM Hassan II, a fait du Royaume un mod\u00e8le inspirant au niveau de la tol\u00e9rance religieuse\u00a0\u00bb, a-t-il ajout\u00e9, relevant que la tol\u00e9rance religieuse, le multiculturalisme et le dialogue interconfessionnel sont des \u00e9l\u00e9ments essentiels du partenariat am\u00e9ricano-marocain, construit et entretenu pendant pr\u00e8s de 200 ans.<\/p>\n<p>Le Programme Dakira lanc\u00e9 en octobre 2021, vise \u00e0 renforcer les efforts du Maroc, sous le Leadership de SM le Roi Mohammed VI, pour promouvoir davantage la tol\u00e9rance et le dialogue interreligieux, et d\u00e9velopper une approche participative pour pr\u00e9server le patrimoine culturel du Royaume, a-t-il ajout\u00e9.<\/p>\n<p>De son c\u00f4t\u00e9, le pr\u00e9sident et co-fondateur de la Fondation du Haut Atlas (HAF), M. Yossef Ben-Meir, a relev\u00e9 que les objectifs du programme Dakira consistent \u00e0 explorer et renforcer la coh\u00e9sion sociale et la solidarit\u00e9 interreligieuse \u00e0 travers des efforts communautaires qui pr\u00e9servent le patrimoine culturel du Maroc, et soutenir les initiatives culturelles pour la tol\u00e9rance, le multiculturalisme, et le dialogue interreligieux.<\/p>\n<p>Tout en passant en revue es missions de sa Fondation, il a indiqu\u00e9 que la HAF milite en faveur de la pr\u00e9servation du pass\u00e9 multiculturel du Maroc et la documentation de cette longue histoire de la coexistence pacifique entre musulmans et les communaut\u00e9s chr\u00e9tiennes et juives, relevant que la fondation et ses partenaires locaux entendent promouvoir cette histoire, notamment aupr\u00e8s de la jeunesse marocaine.<\/p>\n<p>Le pr\u00e9sident de l\u2019Association \u00ab\u00a0Mimouna\u00a0\u00bb, M. El Mehdi Boudra, a pour sa part, relev\u00e9 que cette ONG marocaine fond\u00e9e en 2007 par un groupe de jeunes musulmans marocains pour pr\u00e9server et promouvoir le patrimoine juif marocain, a accueilli plus de 350 activit\u00e9s et \u00e9v\u00e9nements au Maroc et \u00e0 l\u2019\u00e9tranger li\u00e9s \u00e0 la pr\u00e9servation du patrimoine juif marocain, \u00e0 la promotion du dialogue interreligieux et \u00e0 la sensibilisation sur l\u2019Holocauste.<\/p>\n<p>Dans ce contexte, il a mis en relief \u00ab\u00a0les r\u00e9alisations accomplies par chaque partenaire du projet Dakira pour d\u00e9fendre les valeurs de tol\u00e9rance et notre engagement \u00e0 c\u00e9l\u00e9brer la diversit\u00e9, qui a de tout temps caract\u00e9ris\u00e9 la culture marocaine\u00a0\u00bb.<\/p>\n<p>Dans ce cadre, il a indiqu\u00e9, qu\u2019en tant que l\u2019un des partenaires de l\u2019initiative Dakira, l\u2019association Mimouna a r\u00e9uni 177 guides touristiques et des jeunes de six villes marocaines diff\u00e9rentes en vue de leur enseigner \u00e0 la fois l\u2019h\u00e9breu et l\u2019h\u00e9ritage juif du Maroc, de m\u00eame qu\u2019elle a lanc\u00e9, en partenariat avec le minist\u00e8re du Tourisme, un Master de 2 ans en Tourisme Juif Marocain \u00e0 l\u2019Institut Sup\u00e9rieur International de Tourisme \u00e0 Tanger.<\/p>\n<p>L\u2019association Mimouna a aussi organis\u00e9 la premi\u00e8re \u00e9dition du Festival Marocain de la Cuisine Juive et r\u00e9alise le film du dernier Rabbin de F\u00e8s, le Rabbin Abraham Sebbagh qui raconte l\u2019histoire incomparable de la communaut\u00e9 juive marocaine de F\u00e8s, de m\u00eame qu\u2019elle a organis\u00e9 plusieurs rencontres communautaires avec les jeunes du Mellah de Rabat pour discuter de l\u2019histoire du Mellah en tant qu\u2019espace partag\u00e9, a-t-il fait savoir.<\/p>\n<p>Financ\u00e9 par USAID avec 3 millions de dollars sur 36 mois, le Programme Dakira encourage les communaut\u00e9s locales \u00e0 saisir, pr\u00e9server et \u00e0 transmettre leurs m\u00e9moires afin qu\u2019elles soient mieux \u00e9quip\u00e9es pour s\u2019approprier la revitalisation de leur propre histoire.<\/p>\n<p>Cette approche d\u2019introspection et de partage d\u2019exp\u00e9rience entre les participants locaux maximise le d\u00e9veloppement des relations, menant \u00e0 des actions collectives qui am\u00e9liorent les moyens de subsistance des communaut\u00e9s et une d\u00e9couverte approfondie de l\u2019identit\u00e9 multiculturelle du Maroc.<\/p>\n<p>The post <a rel=\"nofollow\" href=\"https:\/\/www.mapmarrakech.ma\/fr\/ouverture-des-travaux-de-la-conference-lexperience-dakira\/\">Ouverture des travaux de la conf\u00e9rence \u00ab\u00a0l\u2019exp\u00e9rience Dakira\u00a0\u00bb<\/a> appeared first on <a rel=\"nofollow\" href=\"https:\/\/www.mapmarrakech.ma\/fr\">MapMarrakech<\/a>.<\/p>\n<\/div>\n<p>Auteur: Meriem IGASS<br \/>\n<a href=\"https:\/\/www.mapmarrakech.ma\/fr\/ouverture-des-travaux-de-la-conference-lexperience-dakira\/\">Cliquez ici pour lire l&rsquo;article depuis sa source.<\/a><\/p>\n","protected":false},"excerpt":{"rendered":"<p>S\u2019inscrivant dans le cadre de la mise en oeuvre du programme \u00ab\u00a0Dakira\u00a0\u00bb (M\u00e9moire) visant la pr\u00e9servation de la m\u00e9moire culturelle du Maroc, la conf\u00e9rence \u00ab\u00a0L\u2019exp\u00e9rience Dakira\u00a0\u00bb, qui se poursuit jusqu\u2019au 10 juin courant, vise \u00e0 mobiliser les acteurs locaux et nationaux engag\u00e9s dans la pr\u00e9servation du patrimoine culturel marocain, afin de mettre en relief l\u2019exp\u00e9rience [&hellip;]<\/p>\n","protected":false},"author":1788,"featured_media":0,"comment_status":"closed","ping_status":"closed","sticky":false,"template":"","format":"standard","meta":{"fifu_image_url":"https:\/\/www.mapmarrakech.ma\/map\/uploads\/2022\/06\/dakira-copier.jpg","fifu_image_alt":"Ouverture des travaux de la conf\u00e9rence \u00ab\u00a0l\u2019exp\u00e9rience Dakira\u00a0\u00bb","footnotes":""},"categories":[54,76],"tags":[],"class_list":["post-149730","post","type-post","status-publish","format-standard","hentry","category-maroc","category-regions"],"_links":{"self":[{"href":"https:\/\/linitiative.ca\/International\/wp-json\/wp\/v2\/posts\/149730","targetHints":{"allow":["GET"]}}],"collection":[{"href":"https:\/\/linitiative.ca\/International\/wp-json\/wp\/v2\/posts"}],"about":[{"href":"https:\/\/linitiative.ca\/International\/wp-json\/wp\/v2\/types\/post"}],"author":[{"embeddable":true,"href":"https:\/\/linitiative.ca\/International\/wp-json\/wp\/v2\/users\/1788"}],"replies":[{"embeddable":true,"href":"https:\/\/linitiative.ca\/International\/wp-json\/wp\/v2\/comments?post=149730"}],"version-history":[{"count":0,"href":"https:\/\/linitiative.ca\/International\/wp-json\/wp\/v2\/posts\/149730\/revisions"}],"wp:attachment":[{"href":"https:\/\/linitiative.ca\/International\/wp-json\/wp\/v2\/media?parent=149730"}],"wp:term":[{"taxonomy":"category","embeddable":true,"href":"https:\/\/linitiative.ca\/International\/wp-json\/wp\/v2\/categories?post=149730"},{"taxonomy":"post_tag","embeddable":true,"href":"https:\/\/linitiative.ca\/International\/wp-json\/wp\/v2\/tags?post=149730"}],"curies":[{"name":"wp","href":"https:\/\/api.w.org\/{rel}","templated":true}]}}