{"id":149732,"date":"2022-06-09T14:06:06","date_gmt":"2022-06-09T18:06:06","guid":{"rendered":"https:\/\/linitiative.ca\/International\/vernissage-de-lexposition-deux-visages-des-kilims-serbes\/"},"modified":"2022-06-09T14:06:06","modified_gmt":"2022-06-09T18:06:06","slug":"vernissage-de-lexposition-deux-visages-des-kilims-serbes","status":"publish","type":"post","link":"https:\/\/linitiative.ca\/International\/vernissage-de-lexposition-deux-visages-des-kilims-serbes\/","title":{"rendered":"Vernissage de l\u2019exposition \u00ab\u00a0Deux visages\u00a0\u00bb des kilims serbes"},"content":{"rendered":"<div>\n<div style=\"margin-bottom:20px;\"><img loading=\"lazy\" decoding=\"async\" width=\"750\" height=\"430\" src=\"https:\/\/linitiative.ca\/International\/wp-content\/uploads\/sites\/23\/2022\/06\/vernissage-copier.jpg\" class=\"attachment-post-thumbnail size-post-thumbnail wp-post-image\" alt=\"\" srcset=\"https:\/\/linitiative.ca\/International\/wp-content\/uploads\/sites\/23\/2022\/06\/vernissage-copier.jpg 750w, https:\/\/www.mapmarrakech.ma\/map\/uploads\/2022\/06\/vernissage-copier-300x172.jpg 300w\" sizes=\"auto, (max-width: 750px) 100vw, 750px\"><\/div>\n<p>Lors de cette c\u00e9r\u00e9monie, tenue en pr\u00e9sence notamment du Pr\u00e9sident de la Fondation Nationale des Mus\u00e9es, M. Mehdi Qotbi, de l\u2019Ambassadeur de la R\u00e9publique de Serbie au Maroc, M. Ivan Bauer, de la directrice du Mus\u00e9e Ethnographique de Belgrade, Mme Tijana Kulak Antic Popovic, et de la conservatrice du Mus\u00e9e national du Tissage et du Tapis- Dar Si Sa\u00efd, Mme Salima A\u00eft Mbarek, les intervenants ont mis en relief les similitudes entre les cultures marocaine et serbe, notamment dans le domaine du tapis.<\/p>\n<p>Dans ce sens, M. Qotbi a relev\u00e9 que ces similitudes culturelles t\u00e9moignent que les deux pays partagent les m\u00eames enracinements et la m\u00eame culture m\u00e9diterran\u00e9enne, exprimant sa fiert\u00e9 que le Maroc, gr\u00e2ce \u00e0 la vision \u00e9clair\u00e9e de Sa Majest\u00e9 le Roi Mohammed VI, qui consid\u00e8re la culture comme un \u00e9l\u00e9ment essentiel pour le d\u00e9veloppement, \u00ab\u00a0est d\u00e9sormais cit\u00e9e en exemple sur le plan culturel\u00a0\u00bb.<\/p>\n<p>Faisant savoir que \u00ab\u00a0cette belle exposition donne l\u2019occasion de voir et d\u2019appr\u00e9cier les \u00e9l\u00e9ments de similitude entre le tapis Hanbal marocain et les Kilims serbes\u00a0\u00bb, M. Qotbi a soulign\u00e9 que l\u2019art en g\u00e9n\u00e9ral, y compris l\u2019art spontan\u00e9 du tapis, est un langage universel et la culture constitue le meilleur pont pour construire l\u2019amiti\u00e9 entre tous les peuples du monde.<\/p>\n<p>Pour sa part, l\u2019ambassadeur de la R\u00e9publique de Serbie au Maroc, M. Ivan Bauer, a affirm\u00e9 qu\u2019il existe plusieurs similitudes entre les cultures des deux pays, ce qui t\u00e9moigne que la culture n\u2019a pas de fronti\u00e8res.<\/p>\n<p>\u00ab\u00a0A travers l\u2019exposition temporaire des Kilims et l\u2019exposition permanente du mus\u00e9e, vous allez d\u00e9couvrir plusieurs similitudes entre le tapis marocain et le kilim serbe, qui ont en commun les m\u00eames motifs et les m\u00eames compositions\u00a0\u00bb, a relev\u00e9 le diplomate.<\/p>\n<p>De son c\u00f4t\u00e9, la conservatrice du Mus\u00e9e national du Tissage et du Tapis- Dar Si Sa\u00efd, Mme Salima A\u00eft Mbarek, a soulign\u00e9 que le tapis marocain (Hanbal) et le kilim serbe repr\u00e9sentent plusieurs similarit\u00e9s et convergences, notamment quand on parle du tapis rural.<\/p>\n<p>\u00ab\u00a0Le hanbal et le kilim partagent surtout le motif g\u00e9om\u00e9trique qu\u2019on retrouve aussi dans les tapis qui sont fabriqu\u00e9s dans la chaines du Haut-Atlas, de l\u2019oriental et du Moyen -Atlas, le plus grand centre de confection des tapis au Maroc\u00a0\u00bb, a-t-elle relev\u00e9.<\/p>\n<p>La directrice du Mus\u00e9e ethnographique de Belgrade, Mme Tijana Kulak Antic Popovic, a, pour sa part, indiqu\u00e9 que les 13 Kilims expos\u00e9s \u00e0 cette occasion appartiennent \u00e0 ce mus\u00e9e, qui \u0153uvre \u00e0 la pr\u00e9servation de la richesse du patrimoine culturel serbe, notant que ce Mus\u00e9e d\u2019ethnographie, fond\u00e9 au d\u00e9but du XX\u00e8me si\u00e8cle, conserve plus de 52.000 objets repartis en trente-trois collections.<\/p>\n<p>Le choix des 13 kilims expos\u00e9s a \u00e9t\u00e9 fait sur la base de diff\u00e9rents crit\u00e8res, \u00e0 savoir les plus vieux, les plus int\u00e9ressants, les plus embl\u00e9matiques pour le patrimoine culturel serbe, a soulign\u00e9 Mme Popovic.<\/p>\n<p>Pour sa part, le Directeur du mus\u00e9e Mohammed VI d\u2019art moderne et contemporain, M. Abdelaziz El Idrissi, a indiqu\u00e9 que cette exposition est l\u2019occasion d\u2019identifier les similitudes entre les tapis du Maroc et celui de la Serbie, deux pays qui appartiennent \u00e0 la culture m\u00e9diterran\u00e9enne, ajoutant que la c\u00e9l\u00e9bration des relations diplomatiques entre le Maroc et la Serbie ne se limitera pas seulement \u00e0 cette exposition, mais comprendra d\u2019autres expositions portant sur le patrimoine arch\u00e9ologique.<\/p>\n<p>Cette exposition, qui se poursuit jusqu\u2019au 2 ao\u00fbt, s\u2019inscrit dans le cadre de la c\u00e9l\u00e9bration du 65e anniversaire de l\u2019\u00e9tablissement des relations diplomatiques entre le Maroc et la R\u00e9publique de Serbie.<\/p>\n<p>The post <a rel=\"nofollow\" href=\"https:\/\/www.mapmarrakech.ma\/fr\/vernissage-de-lexposition-deux-visages-des-kilims-serbes\/\">Vernissage de l\u2019exposition \u00ab\u00a0Deux visages\u00a0\u00bb des kilims serbes<\/a> appeared first on <a rel=\"nofollow\" href=\"https:\/\/www.mapmarrakech.ma\/fr\">MapMarrakech<\/a>.<\/p>\n<\/div>\n<p>Auteur: Meriem IGASS<br \/>\n<a href=\"https:\/\/www.mapmarrakech.ma\/fr\/vernissage-de-lexposition-deux-visages-des-kilims-serbes\/\">Cliquez ici pour lire l&rsquo;article depuis sa source.<\/a><\/p>\n","protected":false},"excerpt":{"rendered":"<p>Lors de cette c\u00e9r\u00e9monie, tenue en pr\u00e9sence notamment du Pr\u00e9sident de la Fondation Nationale des Mus\u00e9es, M. Mehdi Qotbi, de l\u2019Ambassadeur de la R\u00e9publique de Serbie au Maroc, M. Ivan Bauer, de la directrice du Mus\u00e9e Ethnographique de Belgrade, Mme Tijana Kulak Antic Popovic, et de la conservatrice du Mus\u00e9e national du Tissage et du [&hellip;]<\/p>\n","protected":false},"author":1788,"featured_media":0,"comment_status":"closed","ping_status":"closed","sticky":false,"template":"","format":"standard","meta":{"fifu_image_url":"https:\/\/www.mapmarrakech.ma\/map\/uploads\/2022\/06\/vernissage-copier.jpg","fifu_image_alt":"Vernissage de l\u2019exposition \u00ab\u00a0Deux visages\u00a0\u00bb des kilims serbes","footnotes":""},"categories":[54,76],"tags":[],"class_list":["post-149732","post","type-post","status-publish","format-standard","hentry","category-maroc","category-regions"],"_links":{"self":[{"href":"https:\/\/linitiative.ca\/International\/wp-json\/wp\/v2\/posts\/149732","targetHints":{"allow":["GET"]}}],"collection":[{"href":"https:\/\/linitiative.ca\/International\/wp-json\/wp\/v2\/posts"}],"about":[{"href":"https:\/\/linitiative.ca\/International\/wp-json\/wp\/v2\/types\/post"}],"author":[{"embeddable":true,"href":"https:\/\/linitiative.ca\/International\/wp-json\/wp\/v2\/users\/1788"}],"replies":[{"embeddable":true,"href":"https:\/\/linitiative.ca\/International\/wp-json\/wp\/v2\/comments?post=149732"}],"version-history":[{"count":0,"href":"https:\/\/linitiative.ca\/International\/wp-json\/wp\/v2\/posts\/149732\/revisions"}],"wp:attachment":[{"href":"https:\/\/linitiative.ca\/International\/wp-json\/wp\/v2\/media?parent=149732"}],"wp:term":[{"taxonomy":"category","embeddable":true,"href":"https:\/\/linitiative.ca\/International\/wp-json\/wp\/v2\/categories?post=149732"},{"taxonomy":"post_tag","embeddable":true,"href":"https:\/\/linitiative.ca\/International\/wp-json\/wp\/v2\/tags?post=149732"}],"curies":[{"name":"wp","href":"https:\/\/api.w.org\/{rel}","templated":true}]}}