{"id":149734,"date":"2022-06-09T09:59:33","date_gmt":"2022-06-09T13:59:33","guid":{"rendered":"https:\/\/linitiative.ca\/International\/rencontre-de-concertation-a-nador-sur-lecole-de-qualite-pour-tous\/"},"modified":"2022-06-09T09:59:33","modified_gmt":"2022-06-09T13:59:33","slug":"rencontre-de-concertation-a-nador-sur-lecole-de-qualite-pour-tous","status":"publish","type":"post","link":"https:\/\/linitiative.ca\/International\/rencontre-de-concertation-a-nador-sur-lecole-de-qualite-pour-tous\/","title":{"rendered":"Rencontre de concertation \u00e0 Nador sur \u00ab l\u2019\u00e9cole de qualit\u00e9 pour tous \u00bb"},"content":{"rendered":"<div>\n<div style=\"margin-bottom:20px;\"><img loading=\"lazy\" decoding=\"async\" width=\"750\" height=\"430\" src=\"https:\/\/linitiative.ca\/International\/wp-content\/uploads\/sites\/23\/2022\/06\/classe-dans-une-C3A9cole-primaire-750C397430-MAP.jpg\" class=\"attachment-post-thumbnail size-post-thumbnail wp-post-image\" alt=\"\" srcset=\"https:\/\/linitiative.ca\/International\/wp-content\/uploads\/sites\/23\/2022\/06\/classe-dans-une-C3A9cole-primaire-750C397430-MAP.jpg 750w, https:\/\/www.mapoujda.ma\/map\/uploads\/2021\/11\/classe-dans-une-\u00e9cole-primaire-750\u00d7430-MAP-300x172.jpg 300w\" sizes=\"auto, (max-width: 750px) 100vw, 750px\"><\/div>\n<div>\n<p style=\"text-align: justify;\">La ville de Nador a accueilli, mercredi, une rencontre de concertation territoriale, dans le cadre des consultations nationales organis\u00e9es dans les diff\u00e9rentes provinces et pr\u00e9fectures du Royaume autour du th\u00e8me \u00ab\u00a0Pour une \u00e9cole de qualit\u00e9 pour tous\u00a0\u00bb.<\/p>\n<p style=\"text-align: justify;\">Organis\u00e9e par l\u2019Acad\u00e9mie r\u00e9gionale d\u2019\u00e9ducation et de formation (AREF) de l\u2019Oriental en coordination avec la pr\u00e9fecture de la province de Nador, cette rencontre a connu la participation de responsables, \u00e9lus, acteurs de la soci\u00e9t\u00e9 civile et du secteur priv\u00e9 et des repr\u00e9sentants des \u00e9l\u00e8ves, en vue de contribuer au d\u00e9bat public sur les moyens \u00e0 m\u00eame d\u2019am\u00e9liorer la qualit\u00e9 de l\u2019\u00e9cole marocaine au service du processus du d\u00e9veloppement.<\/p>\n<p style=\"text-align: justify;\">Les participants ont \u00e9t\u00e9 r\u00e9partis sur trois ateliers qui ont permis de faire ressortir les principales propositions et pistes pour l\u2019\u00e9dification de l\u2019\u00e9cole de demain, des recommandations qui seront rassembl\u00e9es en vue de figurer dans un rapport de synth\u00e8se r\u00e9gional devant contribuer \u00e0 l\u2019effort de r\u00e9flexion collective autour de cette th\u00e9matique.<\/p>\n<p style=\"text-align: justify;\">Les organisateurs de cette rencontre ont, \u00e0 cette occasion, salu\u00e9 la qualit\u00e9 des discussions et des id\u00e9es issues des travaux de ces ateliers, qui se sont d\u00e9roul\u00e9s dans un esprit de s\u00e9rieux et de responsabilit\u00e9 collective vis-\u00e0-vis de ce sujet int\u00e9ressant l\u2019ensemble des composantes de la soci\u00e9t\u00e9 marocaine.<\/p>\n<p style=\"text-align: justify;\">Dans une d\u00e9claration en marge de cette rencontre, le vice-pr\u00e9sident du Conseil de la r\u00e9gion de l\u2019Oriental, Saleh El Abboudi, a soulign\u00e9 que toutes les parties sont concern\u00e9es par le chantier national de l\u2019\u00e9cole de demain et doivent formuler leurs propositions \u00e0 cet \u00e9gard, notant l\u2019importance de la promotion de l\u2019\u00e9cole publique, du renforcement de la confiance en le syst\u00e8me \u00e9ducatif national et de l\u2019am\u00e9lioration de la qualit\u00e9 de l\u2019enseignement.<\/p>\n<p style=\"text-align: justify;\">De son c\u00f4t\u00e9, le pr\u00e9sident de l\u2019Association Smile pour le d\u00e9veloppement durable, Amine Berjal, qui a particip\u00e9 \u00e0 cette rencontre, a salu\u00e9 cette initiative qui permet d\u2019associer l\u2019ensemble des intervenants et acteurs de la soci\u00e9t\u00e9 civile au grand chantier pour une \u00e9cole int\u00e9grante et de qualit\u00e9, au b\u00e9n\u00e9fice des apprenants et du processus du d\u00e9veloppement en g\u00e9n\u00e9ral.<\/p>\n<\/div>\n<p>L\u2019article <a rel=\"nofollow\" href=\"https:\/\/www.mapoujda.ma\/fr\/rencontre-de-concertation-a-nador-sur-lecole-de-qualite-pour-tous\/\">Rencontre de concertation \u00e0 Nador sur \u00ab l\u2019\u00e9cole de qualit\u00e9 pour tous \u00bb<\/a> est apparu en premier sur <a rel=\"nofollow\" href=\"https:\/\/www.mapoujda.ma\/fr\">MapOujda<\/a>.<\/p>\n<\/div>\n<p>Auteur: Soufiane ELAHMAR<br \/>\n<a href=\"https:\/\/www.mapoujda.ma\/fr\/rencontre-de-concertation-a-nador-sur-lecole-de-qualite-pour-tous\/\">Cliquez ici pour lire l&rsquo;article depuis sa source.<\/a><\/p>\n","protected":false},"excerpt":{"rendered":"<p>La ville de Nador a accueilli, mercredi, une rencontre de concertation territoriale, dans le cadre des consultations nationales organis\u00e9es dans les diff\u00e9rentes provinces et pr\u00e9fectures du Royaume autour du th\u00e8me \u00ab\u00a0Pour une \u00e9cole de qualit\u00e9 pour tous\u00a0\u00bb. Organis\u00e9e par l\u2019Acad\u00e9mie r\u00e9gionale d\u2019\u00e9ducation et de formation (AREF) de l\u2019Oriental en coordination avec la pr\u00e9fecture de la [&hellip;]<\/p>\n","protected":false},"author":1788,"featured_media":0,"comment_status":"closed","ping_status":"closed","sticky":false,"template":"","format":"standard","meta":{"fifu_image_url":"https:\/\/www.mapoujda.ma\/map\/uploads\/2021\/11\/classe-dans-une-\u00e9cole-primaire-750\u00d7430-MAP.jpg","fifu_image_alt":"Rencontre de concertation \u00e0 Nador sur \u00ab l\u2019\u00e9cole de qualit\u00e9 pour tous \u00bb","footnotes":""},"categories":[54,76],"tags":[],"class_list":["post-149734","post","type-post","status-publish","format-standard","hentry","category-maroc","category-regions"],"_links":{"self":[{"href":"https:\/\/linitiative.ca\/International\/wp-json\/wp\/v2\/posts\/149734","targetHints":{"allow":["GET"]}}],"collection":[{"href":"https:\/\/linitiative.ca\/International\/wp-json\/wp\/v2\/posts"}],"about":[{"href":"https:\/\/linitiative.ca\/International\/wp-json\/wp\/v2\/types\/post"}],"author":[{"embeddable":true,"href":"https:\/\/linitiative.ca\/International\/wp-json\/wp\/v2\/users\/1788"}],"replies":[{"embeddable":true,"href":"https:\/\/linitiative.ca\/International\/wp-json\/wp\/v2\/comments?post=149734"}],"version-history":[{"count":0,"href":"https:\/\/linitiative.ca\/International\/wp-json\/wp\/v2\/posts\/149734\/revisions"}],"wp:attachment":[{"href":"https:\/\/linitiative.ca\/International\/wp-json\/wp\/v2\/media?parent=149734"}],"wp:term":[{"taxonomy":"category","embeddable":true,"href":"https:\/\/linitiative.ca\/International\/wp-json\/wp\/v2\/categories?post=149734"},{"taxonomy":"post_tag","embeddable":true,"href":"https:\/\/linitiative.ca\/International\/wp-json\/wp\/v2\/tags?post=149734"}],"curies":[{"name":"wp","href":"https:\/\/api.w.org\/{rel}","templated":true}]}}