{"id":149736,"date":"2022-06-09T13:00:25","date_gmt":"2022-06-09T17:00:25","guid":{"rendered":"https:\/\/linitiative.ca\/International\/necessite-de-respecter-les-mesures-preventives-face-a-une-situation-non-rassurante\/"},"modified":"2022-06-09T13:00:25","modified_gmt":"2022-06-09T17:00:25","slug":"necessite-de-respecter-les-mesures-preventives-face-a-une-situation-non-rassurante","status":"publish","type":"post","link":"https:\/\/linitiative.ca\/International\/necessite-de-respecter-les-mesures-preventives-face-a-une-situation-non-rassurante\/","title":{"rendered":"N\u00e9cessit\u00e9 de respecter les mesures pr\u00e9ventives face \u00e0 une situation \u00ab\u00a0non rassurante\u00a0\u00bb"},"content":{"rendered":"<div>\n<div style=\"margin-bottom:20px;\"><img loading=\"lazy\" decoding=\"async\" width=\"750\" height=\"430\" src=\"https:\/\/linitiative.ca\/International\/wp-content\/uploads\/sites\/23\/2022\/06\/conseil-de-gouvernem-mustapha-baitas-point-de-prese-750C397430-MAP.jpg\" class=\"attachment-post-thumbnail size-post-thumbnail wp-post-image\" alt=\"\" srcset=\"https:\/\/linitiative.ca\/International\/wp-content\/uploads\/sites\/23\/2022\/06\/conseil-de-gouvernem-mustapha-baitas-point-de-prese-750C397430-MAP.jpg 750w, https:\/\/www.mapoujda.ma\/map\/uploads\/2022\/06\/conseil-de-gouvernem-mustapha-baitas-point-de-prese-750\u00d7430-MAP-300x172.jpg 300w\" sizes=\"auto, (max-width: 750px) 100vw, 750px\"><\/div>\n<p style=\"text-align: justify;\">Le ministre d\u00e9l\u00e9gu\u00e9 charg\u00e9 des Relations avec le Parlement, porte-parole du gouvernement, Mustapha Baitas, a estim\u00e9, jeudi \u00e0 Rabat, que la situation \u00e9pid\u00e9miologique dans le Royaume \u00ab\u00a0n\u2019est pas rassurante\u00a0\u00bb, appelant au respect des mesures pr\u00e9ventives pour limiter la propagation du Coronavirus.<\/p>\n<p style=\"text-align: justify;\">\u00ab\u00a0Le gouvernement constate en effet une hausse des cas de Covid-19. Nous sommes pass\u00e9s d\u2019une situation confortable \u00e0 une autre qui n\u2019est pas\u00a0 rassurante\u00a0\u00bb,\u00a0 a pr\u00e9venu le ministre en r\u00e9ponse \u00e0 une question lors d\u2019un point de presse \u00e0 l\u2019issue du Conseil de gouvernement, tenu sous la pr\u00e9sidence du chef du gouvernement, M. Aziz Akhannouch.<\/p>\n<p style=\"text-align: justify;\">Le ministre a appel\u00e9 au port du masque et \u00e0 respecter les mesures pr\u00e9ventives pour limiter la propagation du virus, affirmant que le gouvernement suivra de pr\u00e8s ce dossier \u00e0 la lumi\u00e8re de la situation actuelle, caract\u00e9ris\u00e9e par l\u2019arriv\u00e9e de l\u2019\u00e9t\u00e9 et le retour des Marocains du monde.<\/p>\n<p style=\"text-align: justify;\">\u00ab\u00a0Esp\u00e9rons que le gouvernement ne sera pas dans l\u2019obligation de prendre des mesures non souhaitables\u00a0\u00bb, a conclu M. Baitas.<\/p>\n<p style=\"text-align: justify;\">Le coordonnateur du Centre national des op\u00e9rations d\u2019urgence de sant\u00e9 publique au minist\u00e8re de la Sant\u00e9 et de la protection sociale, Mouad Mrabet, avait affirm\u00e9 mardi que la situation \u00e9pid\u00e9miologique se caract\u00e9rise par un passage de la circulation communautaire du Covid-19 du niveau de vigilance \u00ab\u00a0vert faible\u00a0\u00bb \u00e0 \u00ab\u00a0orange moyen\u00a0\u00bb, particuli\u00e8rement dans les grandes villes.<\/p>\n<p style=\"text-align: justify;\">Lors d\u2019une rencontre avec la presse consacr\u00e9e \u00e0 la pr\u00e9sentation du bilan mensuel de la situation \u00e9pid\u00e9mique (11 mai\/07 juin 2022), M. Mrabet a relev\u00e9 qu\u2019apr\u00e8s une p\u00e9riode interm\u00e9diaire de trois mois depuis la premi\u00e8re semaine de mars 2022, caract\u00e9ris\u00e9e par une circulation communautaire faible \u00e0 tr\u00e8s faible du virus SARS-CoV-2 dans diverses r\u00e9gions, la propagation du virus est pass\u00e9e du niveau vert faible au niveau orange moyen, en particulier dans les grandes villes.<\/p>\n<p>L\u2019article <a rel=\"nofollow\" href=\"https:\/\/www.mapoujda.ma\/fr\/necessite-de-respecter-les-mesures-preventives-face-a-une-situation-non-rassurante\/\">N\u00e9cessit\u00e9 de respecter les mesures pr\u00e9ventives face \u00e0 une situation \u00ab\u00a0non rassurante\u00a0\u00bb<\/a> est apparu en premier sur <a rel=\"nofollow\" href=\"https:\/\/www.mapoujda.ma\/fr\">MapOujda<\/a>.<\/p>\n<\/div>\n<p>Auteur: Soufiane ELAHMAR<br \/>\n<a href=\"https:\/\/www.mapoujda.ma\/fr\/necessite-de-respecter-les-mesures-preventives-face-a-une-situation-non-rassurante\/\">Cliquez ici pour lire l&rsquo;article depuis sa source.<\/a><\/p>\n","protected":false},"excerpt":{"rendered":"<p>Le ministre d\u00e9l\u00e9gu\u00e9 charg\u00e9 des Relations avec le Parlement, porte-parole du gouvernement, Mustapha Baitas, a estim\u00e9, jeudi \u00e0 Rabat, que la situation \u00e9pid\u00e9miologique dans le Royaume \u00ab\u00a0n\u2019est pas rassurante\u00a0\u00bb, appelant au respect des mesures pr\u00e9ventives pour limiter la propagation du Coronavirus. \u00ab\u00a0Le gouvernement constate en effet une hausse des cas de Covid-19. Nous sommes pass\u00e9s [&hellip;]<\/p>\n","protected":false},"author":1788,"featured_media":0,"comment_status":"closed","ping_status":"closed","sticky":false,"template":"","format":"standard","meta":{"fifu_image_url":"https:\/\/www.mapoujda.ma\/map\/uploads\/2022\/06\/conseil-de-gouvernem-mustapha-baitas-point-de-prese-750\u00d7430-MAP.jpg","fifu_image_alt":"N\u00e9cessit\u00e9 de respecter les mesures pr\u00e9ventives face \u00e0 une situation \u00ab\u00a0non rassurante\u00a0\u00bb","footnotes":""},"categories":[54,76],"tags":[],"class_list":["post-149736","post","type-post","status-publish","format-standard","hentry","category-maroc","category-regions"],"_links":{"self":[{"href":"https:\/\/linitiative.ca\/International\/wp-json\/wp\/v2\/posts\/149736","targetHints":{"allow":["GET"]}}],"collection":[{"href":"https:\/\/linitiative.ca\/International\/wp-json\/wp\/v2\/posts"}],"about":[{"href":"https:\/\/linitiative.ca\/International\/wp-json\/wp\/v2\/types\/post"}],"author":[{"embeddable":true,"href":"https:\/\/linitiative.ca\/International\/wp-json\/wp\/v2\/users\/1788"}],"replies":[{"embeddable":true,"href":"https:\/\/linitiative.ca\/International\/wp-json\/wp\/v2\/comments?post=149736"}],"version-history":[{"count":0,"href":"https:\/\/linitiative.ca\/International\/wp-json\/wp\/v2\/posts\/149736\/revisions"}],"wp:attachment":[{"href":"https:\/\/linitiative.ca\/International\/wp-json\/wp\/v2\/media?parent=149736"}],"wp:term":[{"taxonomy":"category","embeddable":true,"href":"https:\/\/linitiative.ca\/International\/wp-json\/wp\/v2\/categories?post=149736"},{"taxonomy":"post_tag","embeddable":true,"href":"https:\/\/linitiative.ca\/International\/wp-json\/wp\/v2\/tags?post=149736"}],"curies":[{"name":"wp","href":"https:\/\/api.w.org\/{rel}","templated":true}]}}