{"id":149745,"date":"2022-06-08T16:06:00","date_gmt":"2022-06-08T20:06:00","guid":{"rendered":"https:\/\/linitiative.ca\/International\/qualifs-can-2023-senegal-aliou-cisse-demande-le-report-des-matchs-de-septembre\/"},"modified":"2022-06-08T16:06:00","modified_gmt":"2022-06-08T20:06:00","slug":"qualifs-can-2023-senegal-aliou-cisse-demande-le-report-des-matchs-de-septembre","status":"publish","type":"post","link":"https:\/\/linitiative.ca\/International\/qualifs-can-2023-senegal-aliou-cisse-demande-le-report-des-matchs-de-septembre\/","title":{"rendered":"Qualifs CAN 2023 &#8211; S\u00e9n\u00e9gal : Aliou Ciss\u00e9 demande le report des matchs de septembre"},"content":{"rendered":"<div>Le s\u00e9lectionneur du S\u00e9n\u00e9gal Aliou Ciss\u00e9 r\u00e9clame un report des matches \u00e9liminatoires de la CAN-2023 en septembre pour permettre aux \u00e9quipes africaines de mieux pr\u00e9parer le Mondial 2022<\/div>\n<p>Auteur:<br \/>\n<a href=\"https:\/\/www.lebuteur.com\/article\/detail?titre=qualifs-can-2023-senegal-aliou-cisse-demande-le-report-des-matchs-de-septembre&#038;id=102990\">Cliquez ici pour lire l&rsquo;article depuis sa source.<\/a><\/p>\n","protected":false},"excerpt":{"rendered":"<p>Le s\u00e9lectionneur du S\u00e9n\u00e9gal Aliou Ciss\u00e9 r\u00e9clame un report des matches \u00e9liminatoires de la CAN-2023 en septembre pour permettre aux \u00e9quipes africaines de mieux pr\u00e9parer le Mondial 2022 Auteur: Cliquez ici pour lire l&rsquo;article depuis sa source.<\/p>\n","protected":false},"author":1738,"featured_media":0,"comment_status":"closed","ping_status":"closed","sticky":false,"template":"","format":"standard","meta":{"fifu_image_url":"","fifu_image_alt":"","footnotes":""},"categories":[53,75],"tags":[],"class_list":["post-149745","post","type-post","status-publish","format-standard","hentry","category-algerie","category-sport"],"_links":{"self":[{"href":"https:\/\/linitiative.ca\/International\/wp-json\/wp\/v2\/posts\/149745","targetHints":{"allow":["GET"]}}],"collection":[{"href":"https:\/\/linitiative.ca\/International\/wp-json\/wp\/v2\/posts"}],"about":[{"href":"https:\/\/linitiative.ca\/International\/wp-json\/wp\/v2\/types\/post"}],"author":[{"embeddable":true,"href":"https:\/\/linitiative.ca\/International\/wp-json\/wp\/v2\/users\/1738"}],"replies":[{"embeddable":true,"href":"https:\/\/linitiative.ca\/International\/wp-json\/wp\/v2\/comments?post=149745"}],"version-history":[{"count":0,"href":"https:\/\/linitiative.ca\/International\/wp-json\/wp\/v2\/posts\/149745\/revisions"}],"wp:attachment":[{"href":"https:\/\/linitiative.ca\/International\/wp-json\/wp\/v2\/media?parent=149745"}],"wp:term":[{"taxonomy":"category","embeddable":true,"href":"https:\/\/linitiative.ca\/International\/wp-json\/wp\/v2\/categories?post=149745"},{"taxonomy":"post_tag","embeddable":true,"href":"https:\/\/linitiative.ca\/International\/wp-json\/wp\/v2\/tags?post=149745"}],"curies":[{"name":"wp","href":"https:\/\/api.w.org\/{rel}","templated":true}]}}