{"id":149747,"date":"2022-06-09T10:55:47","date_gmt":"2022-06-09T14:55:47","guid":{"rendered":"https:\/\/linitiative.ca\/International\/140933-coupe-arabe-des-nations-de-futsal-l-algerie-dans-le-groupe-b-avec-l-egypte-et-l-irak\/"},"modified":"2022-06-09T10:55:47","modified_gmt":"2022-06-09T14:55:47","slug":"140933-coupe-arabe-des-nations-de-futsal-l-algerie-dans-le-groupe-b-avec-l-egypte-et-l-irak","status":"publish","type":"post","link":"https:\/\/linitiative.ca\/International\/140933-coupe-arabe-des-nations-de-futsal-l-algerie-dans-le-groupe-b-avec-l-egypte-et-l-irak\/","title":{"rendered":"Coupe arabe des nations de Futsal: l&rsquo;Alg\u00e9rie dans le groupe B avec l&rsquo;Egypte et l&rsquo;Irak"},"content":{"rendered":"<div>\n<div class=\"K2FeedIntroText\">\n<p><strong>RIYAD &#8211; L&rsquo;\u00e9quipe nationale alg\u00e9rienne de Futsal \u00e9voluera dans le groupe B avec l&rsquo;Egypte et l&rsquo;Irak, lors de la Coupe arabe des nations pr\u00e9vue du 19 au 29 juin en Arabie saoudite, selon le tirage au sort d\u00e9voil\u00e9 jeudi par l&rsquo;Union arabe de football (UAFA) sur son compte officiel Twitter.<\/strong><\/p>\n<\/div>\n<div class=\"K2FeedFullText\">\n<p>Outre l&rsquo;Alg\u00e9rie, l&rsquo;Egypte, l&rsquo;Irak, et l&rsquo;Arabie saoudite (pays h\u00f4te), cette comp\u00e9tition arabe verra la participation de six autres nations : le Kowe\u00eft, la Mauritanie, le Maroc, la Somalie, la Palestine, et la Libye.<\/p>\n<p>Les dix pays ont \u00e9t\u00e9 r\u00e9parties en trois groupes. Le groupe A est compos\u00e9 de quatre nations, alors que les groupes B et C comportent trois s\u00e9lections. Le premier de chaque groupe, ainsi que le meilleur deuxi\u00e8me se qualifient pour les demi-finales.<\/p>\n<p>\u00a0<\/p>\n<p><strong><span style=\"font-size: 18pt;\">Composition des groupes<\/span><\/strong><\/p>\n<p><strong>Groupe A :<\/strong> Maroc, Kowe\u00eft, Mauritanie, Somalie<\/p>\n<p><strong>Groupe B :<\/strong> Egypte, Irak, Alg\u00e9rie<\/p>\n<p><strong>Groupe C :<\/strong> Arabie saoudite, Palestine, Libye.<\/p>\n<\/div>\n<\/div>\n<p>Auteur:<br \/>\n<a href=\"https:\/\/www.aps.dz\/sport\/140933-coupe-arabe-des-nations-de-futsal-l-algerie-dans-le-groupe-b-avec-l-egypte-et-l-irak\">Cliquez ici pour lire l&rsquo;article depuis sa source.<\/a><\/p>\n","protected":false},"excerpt":{"rendered":"<p>RIYAD &#8211; L&rsquo;\u00e9quipe nationale alg\u00e9rienne de Futsal \u00e9voluera dans le groupe B avec l&rsquo;Egypte et l&rsquo;Irak, lors de la Coupe arabe des nations pr\u00e9vue du 19 au 29 juin en Arabie saoudite, selon le tirage au sort d\u00e9voil\u00e9 jeudi par l&rsquo;Union arabe de football (UAFA) sur son compte officiel Twitter. Outre l&rsquo;Alg\u00e9rie, l&rsquo;Egypte, l&rsquo;Irak, et [&hellip;]<\/p>\n","protected":false},"author":1790,"featured_media":0,"comment_status":"closed","ping_status":"closed","sticky":false,"template":"","format":"standard","meta":{"fifu_image_url":"","fifu_image_alt":"","footnotes":""},"categories":[53,75],"tags":[],"class_list":["post-149747","post","type-post","status-publish","format-standard","hentry","category-algerie","category-sport"],"_links":{"self":[{"href":"https:\/\/linitiative.ca\/International\/wp-json\/wp\/v2\/posts\/149747","targetHints":{"allow":["GET"]}}],"collection":[{"href":"https:\/\/linitiative.ca\/International\/wp-json\/wp\/v2\/posts"}],"about":[{"href":"https:\/\/linitiative.ca\/International\/wp-json\/wp\/v2\/types\/post"}],"author":[{"embeddable":true,"href":"https:\/\/linitiative.ca\/International\/wp-json\/wp\/v2\/users\/1790"}],"replies":[{"embeddable":true,"href":"https:\/\/linitiative.ca\/International\/wp-json\/wp\/v2\/comments?post=149747"}],"version-history":[{"count":0,"href":"https:\/\/linitiative.ca\/International\/wp-json\/wp\/v2\/posts\/149747\/revisions"}],"wp:attachment":[{"href":"https:\/\/linitiative.ca\/International\/wp-json\/wp\/v2\/media?parent=149747"}],"wp:term":[{"taxonomy":"category","embeddable":true,"href":"https:\/\/linitiative.ca\/International\/wp-json\/wp\/v2\/categories?post=149747"},{"taxonomy":"post_tag","embeddable":true,"href":"https:\/\/linitiative.ca\/International\/wp-json\/wp\/v2\/tags?post=149747"}],"curies":[{"name":"wp","href":"https:\/\/api.w.org\/{rel}","templated":true}]}}