{"id":149749,"date":"2022-06-09T13:12:30","date_gmt":"2022-06-09T17:12:30","guid":{"rendered":"https:\/\/linitiative.ca\/International\/140941-jm-oran-2022-l-algerie-presente-avec-330-sportifs\/"},"modified":"2022-06-09T13:12:30","modified_gmt":"2022-06-09T17:12:30","slug":"140941-jm-oran-2022-l-algerie-presente-avec-330-sportifs","status":"publish","type":"post","link":"https:\/\/linitiative.ca\/International\/140941-jm-oran-2022-l-algerie-presente-avec-330-sportifs\/","title":{"rendered":"JM-Oran-2022: l&rsquo;Alg\u00e9rie pr\u00e9sente avec 330 sportifs"},"content":{"rendered":"<div>\n<div class=\"K2FeedIntroText\">\n<p><strong>ORAN &#8211; L&rsquo;Alg\u00e9rie sera repr\u00e9sent\u00e9e, lors de la 19e \u00e9dition des Jeux m\u00e9diterran\u00e9es (JM) qui se d\u00e9roulera \u00e0 Oran \u00e0 partir du 25 juin en cours, avec un total de 330 sportifs, a annonc\u00e9 jeudi \u00e0 Oran le pr\u00e9sident du Comit\u00e9 olympique et sportif alg\u00e9rien (COA), Abderrahmane Hamad.<\/strong><\/p>\n<\/div>\n<div class=\"K2FeedFullText\">\n<p>Ce responsable, qui s\u2019exprimait en conf\u00e9rence de presse \u00e0 l\u2019issue d\u2019une r\u00e9union extraordinaire de son instance, a pr\u00e9cis\u00e9 que la d\u00e9l\u00e9gation alg\u00e9rienne sera compos\u00e9e de 201 athl\u00e8tes messieurs et 129 autres dames.<\/p>\n<blockquote>\n<p><em><strong>Ces sportifs seront accompagn\u00e9s par 182 encadreurs, dont 145 affili\u00e9s aux diff\u00e9rentes F\u00e9d\u00e9rations concern\u00e9es et 37 autres du COA, dont des membres du staff m\u00e9dical.<\/strong><\/em><\/p>\n<\/blockquote>\n<p>La pr\u00e9sidence de la d\u00e9l\u00e9gation a \u00e9t\u00e9 confi\u00e9e au pr\u00e9sident de la F\u00e9d\u00e9ration alg\u00e9rienne de la lutte associ\u00e9e, Hamza Deghdough, qui fait office aussi de vice-pr\u00e9sident du COA, a d\u00e9taill\u00e9 le patron de la premi\u00e8re instance sportive dans le pays.<\/p>\n<p>Dans le m\u00eame contexte, Hamad a rappel\u00e9 au passage qu&rsquo;hormis le waterpolo, l&rsquo;Alg\u00e9rie sera pr\u00e9sente dans toutes les autres disciplines sportives programm\u00e9es dans ces JM, soit 23 sports, informant aussi que la pr\u00e9sence de tous les pays des deux rives de la m\u00e9diterran\u00e9e (26 pays), ce qui constitue d\u00e9j\u00e0 une r\u00e9ussite pour le rendez-vous oranais, s\u2019est-il r\u00e9joui.<\/p>\n<\/div>\n<\/div>\n<p>Auteur:<br \/>\n<a href=\"https:\/\/www.aps.dz\/sport\/140941-jm-oran-2022-l-algerie-presente-avec-330-sportifs\">Cliquez ici pour lire l&rsquo;article depuis sa source.<\/a><\/p>\n","protected":false},"excerpt":{"rendered":"<p>ORAN &#8211; L&rsquo;Alg\u00e9rie sera repr\u00e9sent\u00e9e, lors de la 19e \u00e9dition des Jeux m\u00e9diterran\u00e9es (JM) qui se d\u00e9roulera \u00e0 Oran \u00e0 partir du 25 juin en cours, avec un total de 330 sportifs, a annonc\u00e9 jeudi \u00e0 Oran le pr\u00e9sident du Comit\u00e9 olympique et sportif alg\u00e9rien (COA), Abderrahmane Hamad. Ce responsable, qui s\u2019exprimait en conf\u00e9rence de [&hellip;]<\/p>\n","protected":false},"author":1790,"featured_media":0,"comment_status":"closed","ping_status":"closed","sticky":false,"template":"","format":"standard","meta":{"fifu_image_url":"","fifu_image_alt":"","footnotes":""},"categories":[53,75],"tags":[],"class_list":["post-149749","post","type-post","status-publish","format-standard","hentry","category-algerie","category-sport"],"_links":{"self":[{"href":"https:\/\/linitiative.ca\/International\/wp-json\/wp\/v2\/posts\/149749","targetHints":{"allow":["GET"]}}],"collection":[{"href":"https:\/\/linitiative.ca\/International\/wp-json\/wp\/v2\/posts"}],"about":[{"href":"https:\/\/linitiative.ca\/International\/wp-json\/wp\/v2\/types\/post"}],"author":[{"embeddable":true,"href":"https:\/\/linitiative.ca\/International\/wp-json\/wp\/v2\/users\/1790"}],"replies":[{"embeddable":true,"href":"https:\/\/linitiative.ca\/International\/wp-json\/wp\/v2\/comments?post=149749"}],"version-history":[{"count":0,"href":"https:\/\/linitiative.ca\/International\/wp-json\/wp\/v2\/posts\/149749\/revisions"}],"wp:attachment":[{"href":"https:\/\/linitiative.ca\/International\/wp-json\/wp\/v2\/media?parent=149749"}],"wp:term":[{"taxonomy":"category","embeddable":true,"href":"https:\/\/linitiative.ca\/International\/wp-json\/wp\/v2\/categories?post=149749"},{"taxonomy":"post_tag","embeddable":true,"href":"https:\/\/linitiative.ca\/International\/wp-json\/wp\/v2\/tags?post=149749"}],"curies":[{"name":"wp","href":"https:\/\/api.w.org\/{rel}","templated":true}]}}